{"id":19938,"date":"2025-09-04T17:22:46","date_gmt":"2025-09-04T17:22:46","guid":{"rendered":"https:\/\/www.globe40.com\/?p=19938"},"modified":"2025-09-04T17:22:46","modified_gmt":"2025-09-04T17:22:46","slug":"%f0%9f%87%b5%f0%9f%87%b9-prologo-de-la-globe40-900-millas-rumbo-a-cadiz-%f0%9f%87%b5%f0%9f%87%b9","status":"publish","type":"post","link":"https:\/\/www.globe40.com\/en\/%f0%9f%87%b5%f0%9f%87%b9-prologo-de-la-globe40-900-millas-rumbo-a-cadiz-%f0%9f%87%b5%f0%9f%87%b9\/","title":{"rendered":"\ud83c\uddf5\ud83c\uddf9 PR\u00d3LOGO DE LA GLOBE40: 900 MILLAS RUMBO A CADIZ \ud83c\uddf5\ud83c\uddf9"},"content":{"rendered":"<section class=\"l-section wpb_row height_large color_primary with_img parallax_ver\"><div class=\"l-section-img lazyload\" role=\"img\" aria-label=\"Image\" data-img-width=\"1280\" data-img-height=\"854\" style=\"background-image:inherit;background-size: contain;\" data-bg-image=\"url(https:\/\/www.globe40.com\/wp-content\/uploads\/2025\/09\/image-globe40-cp-depart-lorient-le-prologue-2025-jm-liot.jpeg)\"><\/div><div class=\"l-section-overlay\" style=\"background:rgba(10,10,10,0.7)\"><\/div><div class=\"l-section-h i-cf\"><div class=\"g-cols vc_row via_grid cols_1 laptops-cols_inherit tablets-cols_inherit mobiles-cols_1 valign_top type_default stacking_default\"><div class=\"wpb_column vc_column_container\"><div class=\"vc_column-inner\"><div class=\"wpb_text_column\"><div class=\"wpb_wrapper\"><h4 style=\"text-align: center;\">Comunicado de imprensa<\/h4>\n<h3 style=\"text-align: center;\"><strong><em>\ud83c\uddf5\ud83c\uddf9 PR\u00d3LOGO GLOBE40: OS CAVALOS S\u00c3O SOLTOS \ud83c\uddf5\ud83c\uddf9<\/em><\/strong><\/h3>\n<\/div><\/div><div class=\"w-separator us_custom_733cf2a7 size_small\"><\/div><div class=\"w-iconbox iconpos_top style_default color_custom align_center no_text no_title\"><div class=\"w-iconbox-icon\" style=\"font-size:2rem;\"><i class=\"far fa-chevron-down\"><\/i><\/div><div class=\"w-iconbox-meta\"><\/div><\/div><\/div><\/div><\/div><\/div><\/section><section class=\"l-section wpb_row height_large\"><div class=\"l-section-h i-cf\"><div class=\"g-cols vc_row via_grid cols_1 laptops-cols_inherit tablets-cols_inherit mobiles-cols_1 valign_top type_default stacking_default\"><div class=\"wpb_column vc_column_container\"><div class=\"vc_column-inner\"><div class=\"w-image align_center\"><div class=\"w-image-h\"><img decoding=\"async\" width=\"1024\" height=\"683\" data-src=\"https:\/\/www.globe40.com\/wp-content\/uploads\/2025\/09\/image-globe40-cp-depart-lorient-le-prologue-2025-jm-liot-1024x683.jpeg\" class=\"attachment-large size-large lazyload\" alt=\"\" data-srcset=\"https:\/\/www.globe40.com\/wp-content\/uploads\/2025\/09\/image-globe40-cp-depart-lorient-le-prologue-2025-jm-liot-1024x683.jpeg 1024w, https:\/\/www.globe40.com\/wp-content\/uploads\/2025\/09\/image-globe40-cp-depart-lorient-le-prologue-2025-jm-liot-300x200.jpeg 300w, https:\/\/www.globe40.com\/wp-content\/uploads\/2025\/09\/image-globe40-cp-depart-lorient-le-prologue-2025-jm-liot.jpeg 1280w\" data-sizes=\"auto, (max-width: 1024px) 100vw, 1024px\" src=\"data:image\/svg+xml;base64,PHN2ZyB3aWR0aD0iMSIgaGVpZ2h0PSIxIiB4bWxucz0iaHR0cDovL3d3dy53My5vcmcvMjAwMC9zdmciPjwvc3ZnPg==\" style=\"--smush-placeholder-width: 1024px; --smush-placeholder-aspect-ratio: 1024\/683;\" \/><\/div><\/div><div class=\"w-separator us_custom_733cf2a7 size_medium\"><\/div><div class=\"wpb_text_column\"><div class=\"wpb_wrapper\"><p><span style=\"color: #009fe3;\"><strong><em>H\u00e1 um momento em que o velejador tem de zarpar e esse momento chegou para as 9 tripula\u00e7\u00f5es da Classe 40 do pr\u00f3logo da 2\u00aa edi\u00e7\u00e3o do GLOBE40. E isto depois de um longo per\u00edodo de espera em Lorient, durante o qual os baixos se sucederam a um ritmo que mais lembrava as tradicionais corridas transatl\u00e2nticas de inverno. Esta quinta-feira, 4 de setembro, sob o comando dos Coureaux de Groix, os &#8220;tourdumondeistes&#8221; deram o seu impulso rumo \u00e0 bela cidade de C\u00e1dis, que os aguarda ansiosamente depois de 900 milhas de um pr\u00f3logo que, para esta edi\u00e7\u00e3o, contar\u00e1 no ranking.<\/em><\/strong><\/span><\/p>\n<p><strong><em>\u00a0<\/em><\/strong>Durante esta semana de lan\u00e7amento em Lorient, os sentimentos dividiram-se entre o desejo de finalmente ver o sonho de uma corrida \u00e0 volta do mundo ganhar forma com uma primeira partida e a necess\u00e1ria cautela dos capit\u00e3es e da organiza\u00e7\u00e3o face \u00e0s condi\u00e7\u00f5es excepcionalmente adversas do vento e do mar no Golfo da Biscaia; N\u00e3o h\u00e1 necessidade de escrever longas teses sobre as altera\u00e7\u00f5es clim\u00e1ticas quando observamos este fen\u00f3meno em agosto com dois furac\u00f5es que chegaram ao fim dos seus dias na costa europeia.<\/p>\n<p>Esta semana, que se tornou 10 dias em Lorient, tem sido muito ocupado reunindo as equipes depois de um ou dois anos de prepara\u00e7\u00e3o para cada projeto; A organiza\u00e7\u00e3o deixou as suas marcas com uma sucess\u00e3o de controlos t\u00e9cnicos e briefings de todos os tipos para garantir que a aventura est\u00e1, acima de tudo, dentro de um rigoroso quadro t\u00e9cnico e regulamentar. O &#8220;vale da vela&#8221; tamb\u00e9m oferecia todas as habilidades e quanto \u00e0 1\u00aa edi\u00e7\u00e3o oferecia um cen\u00e1rio perfeito para se preparar para a estrada aberta.<\/p>\n<p>O pr\u00f3logo de 900 milhas, atravessando o Golfo de Cascony, Cabo Finisterra, descida ao longo das costas espanhola e portuguesa, Cabo de S\u00e3o Vicente, chegada \u00e0 Ba\u00eda de C\u00e1dis, estar\u00e1 longe de ser um passeio no parque porque todos j\u00e1 sabem que pontos essenciais podem ser ganhos ou perdidos; E isto recordando a classifica\u00e7\u00e3o da edi\u00e7\u00e3o inaugural onde apenas 2 pontos separavam o vencedor do seu perseguidor direto, com uma vit\u00f3ria apenas adquirida na \u00faltima fase.<\/p>\n<p style=\"text-align: justify;\">C\u00e1dis aguarda com expectativa os seus concorrentes na noite de segunda-feira, 8 de setembro, e provavelmente na noite de 8 para 9 de setembro. Este primeiro encontro com um grande evento de corridas offshore \u00e9 um destaque para as autoridades municipais e seu prefeito, Bruno Garcia; a localiza\u00e7\u00e3o escolhida \u00e9 inovadora, com um grande cais de 300 metros na bacia de Astilleros, perto do centro da cidade, onde foi instalado um porto tempor\u00e1rio. Um programa muito completo de atividades foi preparado para torn\u00e1-lo um evento importante e popular, orientado para a partilha e descoberta da disciplina, na tradi\u00e7\u00e3o das corridas oce\u00e2nicas francesas. Quanto \u00e0 cidade mais antiga da Europa Ocidental, ir\u00e1 sem d\u00favida oferecer as boas-vindas e o calor bem conhecido dos andaluzes, no seu labirinto de ruelas antigas e monumentos soberbos.<\/p>\n<\/div><\/div><div class=\"w-separator size_small\"><\/div><div class=\"wpb_text_column\"><div class=\"wpb_wrapper\"><\/div><\/div><div class=\"g-cols wpb_row via_grid cols_1 laptops-cols_inherit tablets-cols_inherit mobiles-cols_1 valign_top type_default stacking_default\" style=\"--columns-gap:3rem;\"><div class=\"wpb_column vc_column_container\"><div class=\"vc_column-inner\"><div class=\"wpb_text_column\"><div class=\"wpb_wrapper\"><p><em><strong>Share this article:<\/strong><\/em><\/p>\n<\/div><\/div><div class=\"w-separator size_small\"><\/div><div class=\"w-sharing type_simple align_none color_default\"><div class=\"w-sharing-list\"><a class=\"w-sharing-item facebook\" href=\"https:\/\/www.facebook.com\/sharer\/sharer.php?u=https:\/\/www.globe40.com\/en\/wp-json\/wp\/v2\/posts\/19938&amp;quote=\ud83c\uddf5\ud83c\uddf9+PR\u00d3LOGO+DE+LA+GLOBE40:+900+MILLAS+RUMBO+A+CADIZ+\ud83c\uddf5\ud83c\uddf9\" title=\"Share this\" aria-label=\"Share this\" onclick=\"window.open(this.href, &quot;facebook&quot;, &quot;toolbar=0,width=900,height=500&quot;); return false;\"><i class=\"fab fa-facebook\"><\/i><\/a><a class=\"w-sharing-item twitter\" href=\"https:\/\/twitter.com\/intent\/tweet?text=\ud83c\uddf5\ud83c\uddf9+PR\u00d3LOGO+DE+LA+GLOBE40:+900+MILLAS+RUMBO+A+CADIZ+\ud83c\uddf5\ud83c\uddf9&amp;url=https:\/\/www.globe40.com\/en\/wp-json\/wp\/v2\/posts\/19938\" title=\"Share this\" aria-label=\"Share this\" onclick=\"window.open(this.href, &quot;twitter&quot;, &quot;toolbar=0,width=650,height=360&quot;); return false;\"><i class=\"fab fa-x-twitter\"><svg style=\"width:1em; margin-bottom:-.1em;\" xmlns=\"http:\/\/www.w3.org\/2000\/svg\" viewBox=\"0 0 512 512\" role=\"presentation\"><path fill=\"currentColor\" d=\"M389.2 48h70.6L305.6 224.2 487 464H345L233.7 318.6 106.5 464H35.8L200.7 275.5 26.8 48H172.4L272.9 180.9 389.2 48zM364.4 421.8h39.1L151.1 88h-42L364.4 421.8z\"\/><\/svg><\/i><\/a><a class=\"w-sharing-item linkedin\" href=\"https:\/\/www.linkedin.com\/shareArticle?mini=true&amp;url=https:\/\/www.globe40.com\/en\/wp-json\/wp\/v2\/posts\/19938\" title=\"Share this\" aria-label=\"Share this\" onclick=\"window.open(this.href, &quot;linkedin&quot;, &quot;toolbar=no,width=550,height=550&quot;); return false;\"><i class=\"fab fa-linkedin\"><\/i><\/a><a class=\"w-sharing-item whatsapp\" href=\"https:\/\/web.whatsapp.com\/send?text=\ud83c\uddf5\ud83c\uddf9+PR\u00d3LOGO+DE+LA+GLOBE40:+900+MILLAS+RUMBO+A+CADIZ+\ud83c\uddf5\ud83c\uddf9 https:\/\/www.globe40.com\/en\/wp-json\/wp\/v2\/posts\/19938\" title=\"Share this\" aria-label=\"Share this\" onclick=\"window.open(this.href, &quot;whatsapp&quot;, &quot;toolbar=0,width=900,height=500&quot;); return false;\"><i class=\"fab fa-whatsapp\"><\/i><\/a><\/div><\/div><div class=\"w-separator size_small\"><\/div><div class=\"w-btn-wrapper align_none\"><a class=\"w-btn us-btn-style_2\" href=\"https:\/\/www.globe40.com\/en\/news\/\"><span class=\"w-btn-label\">Back to news<\/span><\/a><\/div><\/div><\/div><\/div><\/div><\/div><\/div><\/div><\/section>\n","protected":false},"excerpt":{"rendered":"Comunicado de imprensa \ud83c\uddf5\ud83c\uddf9 PR\u00d3LOGO GLOBE40: OS CAVALOS S\u00c3O SOLTOS \ud83c\uddf5\ud83c\uddf9 H\u00e1 um momento em que o velejador tem de zarpar e esse momento chegou para as 9 tripula\u00e7\u00f5es da Classe 40 do pr\u00f3logo da 2\u00aa edi\u00e7\u00e3o do GLOBE40. E isto depois de um longo per\u00edodo de espera em Lorient, durante o qual os baixos...","protected":false},"author":1,"featured_media":19968,"comment_status":"closed","ping_status":"closed","sticky":false,"template":"","format":"standard","meta":{"_acf_changed":false,"footnotes":""},"categories":[67,69],"tags":[],"class_list":["post-19938","post","type-post","status-publish","format-standard","has-post-thumbnail","hentry","category-news","category-press-release"],"acf":[],"yoast_head":"<!-- This site is optimized with the Yoast SEO plugin v26.4 - https:\/\/yoast.com\/wordpress\/plugins\/seo\/ -->\n<title>\ud83c\uddf5\ud83c\uddf9 PR\u00d3LOGO DE LA GLOBE40: 900 MILLAS RUMBO A CADIZ \ud83c\uddf5\ud83c\uddf9 - globe40<\/title>\n<meta name=\"robots\" content=\"index, follow, max-snippet:-1, max-image-preview:large, max-video-preview:-1\" \/>\n<link rel=\"canonical\" href=\"https:\/\/www.globe40.com\/en\/%f0%9f%87%b5%f0%9f%87%b9-prologo-de-la-globe40-900-millas-rumbo-a-cadiz-%f0%9f%87%b5%f0%9f%87%b9\/\" \/>\n<meta property=\"og:locale\" content=\"en_US\" \/>\n<meta property=\"og:type\" content=\"article\" \/>\n<meta property=\"og:title\" content=\"\ud83c\uddf5\ud83c\uddf9 PR\u00d3LOGO DE LA GLOBE40: 900 MILLAS RUMBO A CADIZ \ud83c\uddf5\ud83c\uddf9 - globe40\" \/>\n<meta property=\"og:url\" content=\"https:\/\/www.globe40.com\/en\/%f0%9f%87%b5%f0%9f%87%b9-prologo-de-la-globe40-900-millas-rumbo-a-cadiz-%f0%9f%87%b5%f0%9f%87%b9\/\" \/>\n<meta property=\"og:site_name\" content=\"globe40\" \/>\n<meta property=\"article:published_time\" content=\"2025-09-04T17:22:46+00:00\" \/>\n<meta property=\"og:image\" content=\"https:\/\/www.globe40.com\/wp-content\/uploads\/2025\/09\/image-globe40-cp-depart-lorient-le-prologue-2025-jm-liot.jpeg\" \/>\n\t<meta property=\"og:image:width\" content=\"1280\" \/>\n\t<meta property=\"og:image:height\" content=\"854\" \/>\n\t<meta property=\"og:image:type\" content=\"image\/jpeg\" \/>\n<meta name=\"author\" content=\"labernik\" \/>\n<meta name=\"twitter:card\" content=\"summary_large_image\" \/>\n<meta name=\"twitter:image\" content=\"https:\/\/www.globe40.com\/wp-content\/uploads\/2023\/12\/Thibaut.Lefevere.jpg\" \/>\n<meta name=\"twitter:label1\" content=\"Written by\" \/>\n\t<meta name=\"twitter:data1\" content=\"labernik\" \/>\n\t<meta name=\"twitter:label2\" content=\"Est. reading time\" \/>\n\t<meta name=\"twitter:data2\" content=\"3 minutes\" \/>\n<script type=\"application\/ld+json\" class=\"yoast-schema-graph\">{\"@context\":\"https:\/\/schema.org\",\"@graph\":[{\"@type\":\"WebPage\",\"@id\":\"https:\/\/www.globe40.com\/en\/%f0%9f%87%b5%f0%9f%87%b9-prologo-de-la-globe40-900-millas-rumbo-a-cadiz-%f0%9f%87%b5%f0%9f%87%b9\/\",\"url\":\"https:\/\/www.globe40.com\/en\/%f0%9f%87%b5%f0%9f%87%b9-prologo-de-la-globe40-900-millas-rumbo-a-cadiz-%f0%9f%87%b5%f0%9f%87%b9\/\",\"name\":\"\ud83c\uddf5\ud83c\uddf9 PR\u00d3LOGO DE LA GLOBE40: 900 MILLAS RUMBO A CADIZ \ud83c\uddf5\ud83c\uddf9 - globe40\",\"isPartOf\":{\"@id\":\"https:\/\/www.globe40.com\/en\/#website\"},\"primaryImageOfPage\":{\"@id\":\"https:\/\/www.globe40.com\/en\/%f0%9f%87%b5%f0%9f%87%b9-prologo-de-la-globe40-900-millas-rumbo-a-cadiz-%f0%9f%87%b5%f0%9f%87%b9\/#primaryimage\"},\"image\":{\"@id\":\"https:\/\/www.globe40.com\/en\/%f0%9f%87%b5%f0%9f%87%b9-prologo-de-la-globe40-900-millas-rumbo-a-cadiz-%f0%9f%87%b5%f0%9f%87%b9\/#primaryimage\"},\"thumbnailUrl\":\"https:\/\/www.globe40.com\/wp-content\/uploads\/2025\/09\/image-globe40-cp-depart-lorient-le-prologue-2025-jm-liot.jpeg\",\"datePublished\":\"2025-09-04T17:22:46+00:00\",\"author\":{\"@id\":\"https:\/\/www.globe40.com\/en\/#\/schema\/person\/21b6bce839267c902eb25fb7ca407ae0\"},\"breadcrumb\":{\"@id\":\"https:\/\/www.globe40.com\/en\/%f0%9f%87%b5%f0%9f%87%b9-prologo-de-la-globe40-900-millas-rumbo-a-cadiz-%f0%9f%87%b5%f0%9f%87%b9\/#breadcrumb\"},\"inLanguage\":\"en-US\",\"potentialAction\":[{\"@type\":\"ReadAction\",\"target\":[\"https:\/\/www.globe40.com\/en\/%f0%9f%87%b5%f0%9f%87%b9-prologo-de-la-globe40-900-millas-rumbo-a-cadiz-%f0%9f%87%b5%f0%9f%87%b9\/\"]}]},{\"@type\":\"ImageObject\",\"inLanguage\":\"en-US\",\"@id\":\"https:\/\/www.globe40.com\/en\/%f0%9f%87%b5%f0%9f%87%b9-prologo-de-la-globe40-900-millas-rumbo-a-cadiz-%f0%9f%87%b5%f0%9f%87%b9\/#primaryimage\",\"url\":\"https:\/\/www.globe40.com\/wp-content\/uploads\/2025\/09\/image-globe40-cp-depart-lorient-le-prologue-2025-jm-liot.jpeg\",\"contentUrl\":\"https:\/\/www.globe40.com\/wp-content\/uploads\/2025\/09\/image-globe40-cp-depart-lorient-le-prologue-2025-jm-liot.jpeg\",\"width\":1280,\"height\":854},{\"@type\":\"BreadcrumbList\",\"@id\":\"https:\/\/www.globe40.com\/en\/%f0%9f%87%b5%f0%9f%87%b9-prologo-de-la-globe40-900-millas-rumbo-a-cadiz-%f0%9f%87%b5%f0%9f%87%b9\/#breadcrumb\",\"itemListElement\":[{\"@type\":\"ListItem\",\"position\":1,\"name\":\"Accueil\",\"item\":\"https:\/\/www.globe40.com\/en\/home\/\"},{\"@type\":\"ListItem\",\"position\":2,\"name\":\"\ud83c\uddf5\ud83c\uddf9 PR\u00d3LOGO DE LA GLOBE40: 900 MILLAS RUMBO A CADIZ \ud83c\uddf5\ud83c\uddf9\"}]},{\"@type\":\"WebSite\",\"@id\":\"https:\/\/www.globe40.com\/en\/#website\",\"url\":\"https:\/\/www.globe40.com\/en\/\",\"name\":\"globe40\",\"description\":\"Tour du monde en CLASS40\",\"potentialAction\":[{\"@type\":\"SearchAction\",\"target\":{\"@type\":\"EntryPoint\",\"urlTemplate\":\"https:\/\/www.globe40.com\/en\/?s={search_term_string}\"},\"query-input\":{\"@type\":\"PropertyValueSpecification\",\"valueRequired\":true,\"valueName\":\"search_term_string\"}}],\"inLanguage\":\"en-US\"},{\"@type\":\"Person\",\"@id\":\"https:\/\/www.globe40.com\/en\/#\/schema\/person\/21b6bce839267c902eb25fb7ca407ae0\",\"name\":\"labernik\",\"sameAs\":[\"https:\/\/globe40.com\"],\"url\":\"https:\/\/www.globe40.com\/en\/author\/labernik\/\"}]}<\/script>\n<!-- \/ Yoast SEO plugin. -->","yoast_head_json":{"title":"\ud83c\uddf5\ud83c\uddf9 PR\u00d3LOGO DE LA GLOBE40: 900 MILLAS RUMBO A CADIZ \ud83c\uddf5\ud83c\uddf9 - globe40","robots":{"index":"index","follow":"follow","max-snippet":"max-snippet:-1","max-image-preview":"max-image-preview:large","max-video-preview":"max-video-preview:-1"},"canonical":"https:\/\/www.globe40.com\/en\/%f0%9f%87%b5%f0%9f%87%b9-prologo-de-la-globe40-900-millas-rumbo-a-cadiz-%f0%9f%87%b5%f0%9f%87%b9\/","og_locale":"en_US","og_type":"article","og_title":"\ud83c\uddf5\ud83c\uddf9 PR\u00d3LOGO DE LA GLOBE40: 900 MILLAS RUMBO A CADIZ \ud83c\uddf5\ud83c\uddf9 - globe40","og_url":"https:\/\/www.globe40.com\/en\/%f0%9f%87%b5%f0%9f%87%b9-prologo-de-la-globe40-900-millas-rumbo-a-cadiz-%f0%9f%87%b5%f0%9f%87%b9\/","og_site_name":"globe40","article_published_time":"2025-09-04T17:22:46+00:00","og_image":[{"width":1280,"height":854,"url":"https:\/\/www.globe40.com\/wp-content\/uploads\/2025\/09\/image-globe40-cp-depart-lorient-le-prologue-2025-jm-liot.jpeg","type":"image\/jpeg"}],"author":"labernik","twitter_card":"summary_large_image","twitter_image":"https:\/\/www.globe40.com\/wp-content\/uploads\/2023\/12\/Thibaut.Lefevere.jpg","twitter_misc":{"Written by":"labernik","Est. reading time":"3 minutes"},"schema":{"@context":"https:\/\/schema.org","@graph":[{"@type":"WebPage","@id":"https:\/\/www.globe40.com\/en\/%f0%9f%87%b5%f0%9f%87%b9-prologo-de-la-globe40-900-millas-rumbo-a-cadiz-%f0%9f%87%b5%f0%9f%87%b9\/","url":"https:\/\/www.globe40.com\/en\/%f0%9f%87%b5%f0%9f%87%b9-prologo-de-la-globe40-900-millas-rumbo-a-cadiz-%f0%9f%87%b5%f0%9f%87%b9\/","name":"\ud83c\uddf5\ud83c\uddf9 PR\u00d3LOGO DE LA GLOBE40: 900 MILLAS RUMBO A CADIZ \ud83c\uddf5\ud83c\uddf9 - globe40","isPartOf":{"@id":"https:\/\/www.globe40.com\/en\/#website"},"primaryImageOfPage":{"@id":"https:\/\/www.globe40.com\/en\/%f0%9f%87%b5%f0%9f%87%b9-prologo-de-la-globe40-900-millas-rumbo-a-cadiz-%f0%9f%87%b5%f0%9f%87%b9\/#primaryimage"},"image":{"@id":"https:\/\/www.globe40.com\/en\/%f0%9f%87%b5%f0%9f%87%b9-prologo-de-la-globe40-900-millas-rumbo-a-cadiz-%f0%9f%87%b5%f0%9f%87%b9\/#primaryimage"},"thumbnailUrl":"https:\/\/www.globe40.com\/wp-content\/uploads\/2025\/09\/image-globe40-cp-depart-lorient-le-prologue-2025-jm-liot.jpeg","datePublished":"2025-09-04T17:22:46+00:00","author":{"@id":"https:\/\/www.globe40.com\/en\/#\/schema\/person\/21b6bce839267c902eb25fb7ca407ae0"},"breadcrumb":{"@id":"https:\/\/www.globe40.com\/en\/%f0%9f%87%b5%f0%9f%87%b9-prologo-de-la-globe40-900-millas-rumbo-a-cadiz-%f0%9f%87%b5%f0%9f%87%b9\/#breadcrumb"},"inLanguage":"en-US","potentialAction":[{"@type":"ReadAction","target":["https:\/\/www.globe40.com\/en\/%f0%9f%87%b5%f0%9f%87%b9-prologo-de-la-globe40-900-millas-rumbo-a-cadiz-%f0%9f%87%b5%f0%9f%87%b9\/"]}]},{"@type":"ImageObject","inLanguage":"en-US","@id":"https:\/\/www.globe40.com\/en\/%f0%9f%87%b5%f0%9f%87%b9-prologo-de-la-globe40-900-millas-rumbo-a-cadiz-%f0%9f%87%b5%f0%9f%87%b9\/#primaryimage","url":"https:\/\/www.globe40.com\/wp-content\/uploads\/2025\/09\/image-globe40-cp-depart-lorient-le-prologue-2025-jm-liot.jpeg","contentUrl":"https:\/\/www.globe40.com\/wp-content\/uploads\/2025\/09\/image-globe40-cp-depart-lorient-le-prologue-2025-jm-liot.jpeg","width":1280,"height":854},{"@type":"BreadcrumbList","@id":"https:\/\/www.globe40.com\/en\/%f0%9f%87%b5%f0%9f%87%b9-prologo-de-la-globe40-900-millas-rumbo-a-cadiz-%f0%9f%87%b5%f0%9f%87%b9\/#breadcrumb","itemListElement":[{"@type":"ListItem","position":1,"name":"Accueil","item":"https:\/\/www.globe40.com\/en\/home\/"},{"@type":"ListItem","position":2,"name":"\ud83c\uddf5\ud83c\uddf9 PR\u00d3LOGO DE LA GLOBE40: 900 MILLAS RUMBO A CADIZ \ud83c\uddf5\ud83c\uddf9"}]},{"@type":"WebSite","@id":"https:\/\/www.globe40.com\/en\/#website","url":"https:\/\/www.globe40.com\/en\/","name":"globe40","description":"Tour du monde en CLASS40","potentialAction":[{"@type":"SearchAction","target":{"@type":"EntryPoint","urlTemplate":"https:\/\/www.globe40.com\/en\/?s={search_term_string}"},"query-input":{"@type":"PropertyValueSpecification","valueRequired":true,"valueName":"search_term_string"}}],"inLanguage":"en-US"},{"@type":"Person","@id":"https:\/\/www.globe40.com\/en\/#\/schema\/person\/21b6bce839267c902eb25fb7ca407ae0","name":"labernik","sameAs":["https:\/\/globe40.com"],"url":"https:\/\/www.globe40.com\/en\/author\/labernik\/"}]}},"_links":{"self":[{"href":"https:\/\/www.globe40.com\/en\/wp-json\/wp\/v2\/posts\/19938","targetHints":{"allow":["GET"]}}],"collection":[{"href":"https:\/\/www.globe40.com\/en\/wp-json\/wp\/v2\/posts"}],"about":[{"href":"https:\/\/www.globe40.com\/en\/wp-json\/wp\/v2\/types\/post"}],"author":[{"embeddable":true,"href":"https:\/\/www.globe40.com\/en\/wp-json\/wp\/v2\/users\/1"}],"replies":[{"embeddable":true,"href":"https:\/\/www.globe40.com\/en\/wp-json\/wp\/v2\/comments?post=19938"}],"version-history":[{"count":2,"href":"https:\/\/www.globe40.com\/en\/wp-json\/wp\/v2\/posts\/19938\/revisions"}],"predecessor-version":[{"id":19972,"href":"https:\/\/www.globe40.com\/en\/wp-json\/wp\/v2\/posts\/19938\/revisions\/19972"}],"wp:featuredmedia":[{"embeddable":true,"href":"https:\/\/www.globe40.com\/en\/wp-json\/wp\/v2\/media\/19968"}],"wp:attachment":[{"href":"https:\/\/www.globe40.com\/en\/wp-json\/wp\/v2\/media?parent=19938"}],"wp:term":[{"taxonomy":"category","embeddable":true,"href":"https:\/\/www.globe40.com\/en\/wp-json\/wp\/v2\/categories?post=19938"},{"taxonomy":"post_tag","embeddable":true,"href":"https:\/\/www.globe40.com\/en\/wp-json\/wp\/v2\/tags?post=19938"}],"curies":[{"name":"wp","href":"https:\/\/api.w.org\/{rel}","templated":true}]}}