{"id":19934,"date":"2025-09-04T17:21:22","date_gmt":"2025-09-04T17:21:22","guid":{"rendered":"https:\/\/www.globe40.com\/?p=19934"},"modified":"2025-09-04T17:21:22","modified_gmt":"2025-09-04T17:21:22","slug":"%f0%9f%87%aa%f0%9f%87%b8-prologo-de-la-globe40-900-millas-rumbo-a-cadiz-%f0%9f%87%aa%f0%9f%87%b8","status":"publish","type":"post","link":"https:\/\/www.globe40.com\/en\/%f0%9f%87%aa%f0%9f%87%b8-prologo-de-la-globe40-900-millas-rumbo-a-cadiz-%f0%9f%87%aa%f0%9f%87%b8\/","title":{"rendered":"\ud83c\uddea\ud83c\uddf8 PR\u00d3LOGO DE LA GLOBE40: 900 MILLAS RUMBO A CADIZ \ud83c\uddea\ud83c\uddf8"},"content":{"rendered":"<section class=\"l-section wpb_row height_large color_primary with_img parallax_ver\"><div class=\"l-section-img lazyload\" role=\"img\" aria-label=\"Image\" data-img-width=\"1280\" data-img-height=\"854\" style=\"background-image:inherit;background-size: contain;\" data-bg-image=\"url(https:\/\/www.globe40.com\/wp-content\/uploads\/2025\/09\/image-globe40-cp-depart-lorient-le-prologue-2025-jm-liot.jpeg)\"><\/div><div class=\"l-section-overlay\" style=\"background:rgba(10,10,10,0.7)\"><\/div><div class=\"l-section-h i-cf\"><div class=\"g-cols vc_row via_grid cols_1 laptops-cols_inherit tablets-cols_inherit mobiles-cols_1 valign_top type_default stacking_default\"><div class=\"wpb_column vc_column_container\"><div class=\"vc_column-inner\"><div class=\"wpb_text_column\"><div class=\"wpb_wrapper\"><h4 style=\"text-align: center;\">Comunicado de prensa<\/h4>\n<h3 style=\"text-align: center;\"><strong><em>\ud83c\uddea\ud83c\uddf8 PR\u00d3LOGO DE LA GLOBE40: 900 MILLAS RUMBO A CADIZ \ud83c\uddea\ud83c\uddf8<\/em><\/strong><\/h3>\n<\/div><\/div><div class=\"w-separator us_custom_733cf2a7 size_small\"><\/div><div class=\"w-iconbox iconpos_top style_default color_custom align_center no_text no_title\"><div class=\"w-iconbox-icon\" style=\"font-size:2rem;\"><i class=\"far fa-chevron-down\"><\/i><\/div><div class=\"w-iconbox-meta\"><\/div><\/div><\/div><\/div><\/div><\/div><\/section><section class=\"l-section wpb_row height_large\"><div class=\"l-section-h i-cf\"><div class=\"g-cols vc_row via_grid cols_1 laptops-cols_inherit tablets-cols_inherit mobiles-cols_1 valign_top type_default stacking_default\"><div class=\"wpb_column vc_column_container\"><div class=\"vc_column-inner\"><div class=\"w-image align_center\"><div class=\"w-image-h\"><img decoding=\"async\" width=\"1024\" height=\"683\" data-src=\"https:\/\/www.globe40.com\/wp-content\/uploads\/2025\/09\/image-globe40-cp-depart-lorient-le-prologue-2025-jm-liot-1024x683.jpeg\" class=\"attachment-large size-large lazyload\" alt=\"\" data-srcset=\"https:\/\/www.globe40.com\/wp-content\/uploads\/2025\/09\/image-globe40-cp-depart-lorient-le-prologue-2025-jm-liot-1024x683.jpeg 1024w, https:\/\/www.globe40.com\/wp-content\/uploads\/2025\/09\/image-globe40-cp-depart-lorient-le-prologue-2025-jm-liot-300x200.jpeg 300w, https:\/\/www.globe40.com\/wp-content\/uploads\/2025\/09\/image-globe40-cp-depart-lorient-le-prologue-2025-jm-liot.jpeg 1280w\" data-sizes=\"auto, (max-width: 1024px) 100vw, 1024px\" src=\"data:image\/svg+xml;base64,PHN2ZyB3aWR0aD0iMSIgaGVpZ2h0PSIxIiB4bWxucz0iaHR0cDovL3d3dy53My5vcmcvMjAwMC9zdmciPjwvc3ZnPg==\" style=\"--smush-placeholder-width: 1024px; --smush-placeholder-aspect-ratio: 1024\/683;\" \/><\/div><\/div><div class=\"w-separator us_custom_733cf2a7 size_medium\"><\/div><div class=\"wpb_text_column\"><div class=\"wpb_wrapper\"><p style=\"text-align: justify;\"><span style=\"color: #009fe3;\"><strong><em>Llega un momento en que el marinero debe hacerse a la mar. Ese instante ha llegado para las 9 tripulaciones de la Class40 que participan en el pr\u00f3logo de la 2\u00aa edici\u00f3n de la GLOBE40. Tras un largo per\u00edodo de espera en Lorient, marcado por una sucesi\u00f3n de ciclones que recordaba m\u00e1s a las cl\u00e1sicas salidas transatl\u00e1nticas de invierno, este jueves 4 de septiembre los \u201ccircunnavegantes\u201d zarparon bajo los Coureaux de Groix con rumbo a la hermosa ciudad de C\u00e1diz. Les aguardan 900 millas de navegaci\u00f3n hasta alcanzar una meta que los recibir\u00e1 con impaciencia y donde, por primera vez, este pr\u00f3logo contar\u00e1 en la clasificaci\u00f3n general de la regata.<\/em><\/strong><\/span><\/p>\n<p style=\"text-align: justify;\"><span>Durante esta semana de espera en Lorient, las emociones se debat\u00edan entre la impaciencia de ver como el sue\u00f1o de una vuelta al mundo comenzaba a tomar forma con una primera salida, y la prudencia necesaria de patrones y organizaci\u00f3n ante unas condiciones excepcionalmente duras de viento y mar en el Golfo de Vizcaya; no hace falta escribir largas tesis sobre el cambio clim\u00e1tico cuando hemos sido testigos de un hecho ins\u00f3lito en pleno agosto: dos huracanes alcanzando las costas europeas tras recorrer el Atl\u00e1ntico.<\/span><\/p>\n<p style=\"text-align: justify;\"><span>Lo que en un principio iba a ser una estancia de una semana en Lorient termin\u00f3 convirti\u00e9ndose\u00a0 en 10 d\u00edas. Para los regatistas fue un tiempo de reencuentros tras uno o dos a\u00f1os de preparaci\u00f3n de sus proyectos; para la organizaci\u00f3n supuso una sucesi\u00f3n de controles t\u00e9cnicos y briefings destinados a garantizar que la aventura se desarrolle dentro de un estricto marco t\u00e9cnico y normativo. La <em>Sailing Valley<\/em> ofreci\u00f3, una vez m\u00e1s, todos los recursos necesarios y, como ya ocurriera en la primera edici\u00f3n, se confirm\u00f3 como el escenario perfecto para ultimar los detalles antes de afrontar la gran traves\u00eda.<\/span><\/p>\n<p style=\"text-align: justify;\"><span>El pr\u00f3logo de 900 millas; que cruza el siempre exigente\u00a0 Golfo de Vizcaya, bordea el Cabo Finisterre, desciende por las costas espa\u00f1olas y portuguesas, Cabo de San Vicente, y alcanza finalmente la Bah\u00eda de C\u00e1diz; dista mucho de ser un simple paseo. Todos saben que en este recorrido se juegan puntos decisivos, m\u00e1s a\u00fan si se recuerda la clasificaci\u00f3n de la primera edici\u00f3n, donde apenas dos puntos separaron al vencedor, un triunfo que no se decidi\u00f3 hasta la \u00faltima etapa. <\/span><\/p>\n<p style=\"text-align: justify;\"><span>C\u00e1diz aguarda con expectaci\u00f3n a los competidores a partir de la tarde del lunes 8 de septiembre y probablemente tambi\u00e9n durante la noche. Este primer encuentro con un gran evento de regatas oce\u00e1nicas marca un hito para las autoridades municipales y para su alcalde, Bruno Garc\u00eda. La ubicaci\u00f3n escogida es innovadora: un muelle de 300 metros en la d\u00e1rsena de Astilleros, a pocos pasos del centro hist\u00f3rico, transformado en puerto temporal para la ocasi\u00f3n. Se ha dise\u00f1ado un completo programa de actividades que convertir\u00e1 la cita en un evento popular y abierto, pensado para compartir y acercar la tradici\u00f3n de las grandes regatas oce\u00e1nicas francesas. Y como corresponde a la ciudad m\u00e1s antigua de Europa Occidental, C\u00e1diz sabr\u00e1 recibirlos con la hospitalidad y la calidez que la caracterizan, entre su laberinto de callejuelas y sus monumentos ba\u00f1ados por la luz del Atl\u00e1ntico.<\/span><\/p>\n<\/div><\/div><div class=\"w-separator size_small\"><\/div><div class=\"wpb_text_column\"><div class=\"wpb_wrapper\"><\/div><\/div><div class=\"g-cols wpb_row via_grid cols_1 laptops-cols_inherit tablets-cols_inherit mobiles-cols_1 valign_top type_default stacking_default\" style=\"--columns-gap:3rem;\"><div class=\"wpb_column vc_column_container\"><div class=\"vc_column-inner\"><div class=\"wpb_text_column\"><div class=\"wpb_wrapper\"><p><em><strong>Share this article:<\/strong><\/em><\/p>\n<\/div><\/div><div class=\"w-separator size_small\"><\/div><div class=\"w-sharing type_simple align_none color_default\"><div class=\"w-sharing-list\"><a class=\"w-sharing-item facebook\" href=\"https:\/\/www.facebook.com\/sharer\/sharer.php?u=https:\/\/www.globe40.com\/en\/wp-json\/wp\/v2\/posts\/19934&amp;quote=\ud83c\uddea\ud83c\uddf8+PR\u00d3LOGO+DE+LA+GLOBE40:+900+MILLAS+RUMBO+A+CADIZ+\ud83c\uddea\ud83c\uddf8\" title=\"Share this\" aria-label=\"Share this\" onclick=\"window.open(this.href, &quot;facebook&quot;, &quot;toolbar=0,width=900,height=500&quot;); return false;\"><i class=\"fab fa-facebook\"><\/i><\/a><a class=\"w-sharing-item twitter\" href=\"https:\/\/twitter.com\/intent\/tweet?text=\ud83c\uddea\ud83c\uddf8+PR\u00d3LOGO+DE+LA+GLOBE40:+900+MILLAS+RUMBO+A+CADIZ+\ud83c\uddea\ud83c\uddf8&amp;url=https:\/\/www.globe40.com\/en\/wp-json\/wp\/v2\/posts\/19934\" title=\"Share this\" aria-label=\"Share this\" onclick=\"window.open(this.href, &quot;twitter&quot;, &quot;toolbar=0,width=650,height=360&quot;); return false;\"><i class=\"fab fa-x-twitter\"><svg style=\"width:1em; margin-bottom:-.1em;\" xmlns=\"http:\/\/www.w3.org\/2000\/svg\" viewBox=\"0 0 512 512\" role=\"presentation\"><path fill=\"currentColor\" d=\"M389.2 48h70.6L305.6 224.2 487 464H345L233.7 318.6 106.5 464H35.8L200.7 275.5 26.8 48H172.4L272.9 180.9 389.2 48zM364.4 421.8h39.1L151.1 88h-42L364.4 421.8z\"\/><\/svg><\/i><\/a><a class=\"w-sharing-item linkedin\" href=\"https:\/\/www.linkedin.com\/shareArticle?mini=true&amp;url=https:\/\/www.globe40.com\/en\/wp-json\/wp\/v2\/posts\/19934\" title=\"Share this\" aria-label=\"Share this\" onclick=\"window.open(this.href, &quot;linkedin&quot;, &quot;toolbar=no,width=550,height=550&quot;); return false;\"><i class=\"fab fa-linkedin\"><\/i><\/a><a class=\"w-sharing-item whatsapp\" href=\"https:\/\/web.whatsapp.com\/send?text=\ud83c\uddea\ud83c\uddf8+PR\u00d3LOGO+DE+LA+GLOBE40:+900+MILLAS+RUMBO+A+CADIZ+\ud83c\uddea\ud83c\uddf8 https:\/\/www.globe40.com\/en\/wp-json\/wp\/v2\/posts\/19934\" title=\"Share this\" aria-label=\"Share this\" onclick=\"window.open(this.href, &quot;whatsapp&quot;, &quot;toolbar=0,width=900,height=500&quot;); return false;\"><i class=\"fab fa-whatsapp\"><\/i><\/a><\/div><\/div><div class=\"w-separator size_small\"><\/div><div class=\"w-btn-wrapper align_none\"><a class=\"w-btn us-btn-style_2\" href=\"https:\/\/www.globe40.com\/en\/news\/\"><span class=\"w-btn-label\">Back to news<\/span><\/a><\/div><\/div><\/div><\/div><\/div><\/div><\/div><\/div><\/section>\n","protected":false},"excerpt":{"rendered":"Comunicado de prensa \ud83c\uddea\ud83c\uddf8 PR\u00d3LOGO DE LA GLOBE40: 900 MILLAS RUMBO A CADIZ \ud83c\uddea\ud83c\uddf8 Llega un momento en que el marinero debe hacerse a la mar. Ese instante ha llegado para las 9 tripulaciones de la Class40 que participan en el pr\u00f3logo de la 2\u00aa edici\u00f3n de la GLOBE40. Tras un largo per\u00edodo de espera...","protected":false},"author":1,"featured_media":19968,"comment_status":"closed","ping_status":"closed","sticky":false,"template":"","format":"standard","meta":{"_acf_changed":false,"footnotes":""},"categories":[67,69],"tags":[],"class_list":["post-19934","post","type-post","status-publish","format-standard","has-post-thumbnail","hentry","category-news","category-press-release"],"acf":[],"yoast_head":"<!-- This site is optimized with the Yoast SEO plugin v26.4 - https:\/\/yoast.com\/wordpress\/plugins\/seo\/ -->\n<title>\ud83c\uddea\ud83c\uddf8 PR\u00d3LOGO DE LA GLOBE40: 900 MILLAS RUMBO A CADIZ \ud83c\uddea\ud83c\uddf8 - globe40<\/title>\n<meta name=\"robots\" content=\"index, follow, max-snippet:-1, max-image-preview:large, max-video-preview:-1\" \/>\n<link rel=\"canonical\" href=\"https:\/\/www.globe40.com\/en\/%f0%9f%87%aa%f0%9f%87%b8-prologo-de-la-globe40-900-millas-rumbo-a-cadiz-%f0%9f%87%aa%f0%9f%87%b8\/\" \/>\n<meta property=\"og:locale\" content=\"en_US\" \/>\n<meta property=\"og:type\" content=\"article\" \/>\n<meta property=\"og:title\" content=\"\ud83c\uddea\ud83c\uddf8 PR\u00d3LOGO DE LA GLOBE40: 900 MILLAS RUMBO A CADIZ \ud83c\uddea\ud83c\uddf8 - globe40\" \/>\n<meta property=\"og:url\" content=\"https:\/\/www.globe40.com\/en\/%f0%9f%87%aa%f0%9f%87%b8-prologo-de-la-globe40-900-millas-rumbo-a-cadiz-%f0%9f%87%aa%f0%9f%87%b8\/\" \/>\n<meta property=\"og:site_name\" content=\"globe40\" \/>\n<meta property=\"article:published_time\" content=\"2025-09-04T17:21:22+00:00\" \/>\n<meta property=\"og:image\" content=\"https:\/\/www.globe40.com\/wp-content\/uploads\/2025\/09\/image-globe40-cp-depart-lorient-le-prologue-2025-jm-liot.jpeg\" \/>\n\t<meta property=\"og:image:width\" content=\"1280\" \/>\n\t<meta property=\"og:image:height\" content=\"854\" \/>\n\t<meta property=\"og:image:type\" content=\"image\/jpeg\" \/>\n<meta name=\"author\" content=\"labernik\" \/>\n<meta name=\"twitter:card\" content=\"summary_large_image\" \/>\n<meta name=\"twitter:image\" content=\"https:\/\/www.globe40.com\/wp-content\/uploads\/2023\/12\/Thibaut.Lefevere.jpg\" \/>\n<meta name=\"twitter:label1\" content=\"Written by\" \/>\n\t<meta name=\"twitter:data1\" content=\"labernik\" \/>\n\t<meta name=\"twitter:label2\" content=\"Est. reading time\" \/>\n\t<meta name=\"twitter:data2\" content=\"4 minutes\" \/>\n<script type=\"application\/ld+json\" class=\"yoast-schema-graph\">{\"@context\":\"https:\/\/schema.org\",\"@graph\":[{\"@type\":\"WebPage\",\"@id\":\"https:\/\/www.globe40.com\/en\/%f0%9f%87%aa%f0%9f%87%b8-prologo-de-la-globe40-900-millas-rumbo-a-cadiz-%f0%9f%87%aa%f0%9f%87%b8\/\",\"url\":\"https:\/\/www.globe40.com\/en\/%f0%9f%87%aa%f0%9f%87%b8-prologo-de-la-globe40-900-millas-rumbo-a-cadiz-%f0%9f%87%aa%f0%9f%87%b8\/\",\"name\":\"\ud83c\uddea\ud83c\uddf8 PR\u00d3LOGO DE LA GLOBE40: 900 MILLAS RUMBO A CADIZ \ud83c\uddea\ud83c\uddf8 - globe40\",\"isPartOf\":{\"@id\":\"https:\/\/www.globe40.com\/en\/#website\"},\"primaryImageOfPage\":{\"@id\":\"https:\/\/www.globe40.com\/en\/%f0%9f%87%aa%f0%9f%87%b8-prologo-de-la-globe40-900-millas-rumbo-a-cadiz-%f0%9f%87%aa%f0%9f%87%b8\/#primaryimage\"},\"image\":{\"@id\":\"https:\/\/www.globe40.com\/en\/%f0%9f%87%aa%f0%9f%87%b8-prologo-de-la-globe40-900-millas-rumbo-a-cadiz-%f0%9f%87%aa%f0%9f%87%b8\/#primaryimage\"},\"thumbnailUrl\":\"https:\/\/www.globe40.com\/wp-content\/uploads\/2025\/09\/image-globe40-cp-depart-lorient-le-prologue-2025-jm-liot.jpeg\",\"datePublished\":\"2025-09-04T17:21:22+00:00\",\"author\":{\"@id\":\"https:\/\/www.globe40.com\/en\/#\/schema\/person\/21b6bce839267c902eb25fb7ca407ae0\"},\"breadcrumb\":{\"@id\":\"https:\/\/www.globe40.com\/en\/%f0%9f%87%aa%f0%9f%87%b8-prologo-de-la-globe40-900-millas-rumbo-a-cadiz-%f0%9f%87%aa%f0%9f%87%b8\/#breadcrumb\"},\"inLanguage\":\"en-US\",\"potentialAction\":[{\"@type\":\"ReadAction\",\"target\":[\"https:\/\/www.globe40.com\/en\/%f0%9f%87%aa%f0%9f%87%b8-prologo-de-la-globe40-900-millas-rumbo-a-cadiz-%f0%9f%87%aa%f0%9f%87%b8\/\"]}]},{\"@type\":\"ImageObject\",\"inLanguage\":\"en-US\",\"@id\":\"https:\/\/www.globe40.com\/en\/%f0%9f%87%aa%f0%9f%87%b8-prologo-de-la-globe40-900-millas-rumbo-a-cadiz-%f0%9f%87%aa%f0%9f%87%b8\/#primaryimage\",\"url\":\"https:\/\/www.globe40.com\/wp-content\/uploads\/2025\/09\/image-globe40-cp-depart-lorient-le-prologue-2025-jm-liot.jpeg\",\"contentUrl\":\"https:\/\/www.globe40.com\/wp-content\/uploads\/2025\/09\/image-globe40-cp-depart-lorient-le-prologue-2025-jm-liot.jpeg\",\"width\":1280,\"height\":854},{\"@type\":\"BreadcrumbList\",\"@id\":\"https:\/\/www.globe40.com\/en\/%f0%9f%87%aa%f0%9f%87%b8-prologo-de-la-globe40-900-millas-rumbo-a-cadiz-%f0%9f%87%aa%f0%9f%87%b8\/#breadcrumb\",\"itemListElement\":[{\"@type\":\"ListItem\",\"position\":1,\"name\":\"Accueil\",\"item\":\"https:\/\/www.globe40.com\/en\/home\/\"},{\"@type\":\"ListItem\",\"position\":2,\"name\":\"\ud83c\uddea\ud83c\uddf8 PR\u00d3LOGO DE LA GLOBE40: 900 MILLAS RUMBO A CADIZ \ud83c\uddea\ud83c\uddf8\"}]},{\"@type\":\"WebSite\",\"@id\":\"https:\/\/www.globe40.com\/en\/#website\",\"url\":\"https:\/\/www.globe40.com\/en\/\",\"name\":\"globe40\",\"description\":\"Tour du monde en CLASS40\",\"potentialAction\":[{\"@type\":\"SearchAction\",\"target\":{\"@type\":\"EntryPoint\",\"urlTemplate\":\"https:\/\/www.globe40.com\/en\/?s={search_term_string}\"},\"query-input\":{\"@type\":\"PropertyValueSpecification\",\"valueRequired\":true,\"valueName\":\"search_term_string\"}}],\"inLanguage\":\"en-US\"},{\"@type\":\"Person\",\"@id\":\"https:\/\/www.globe40.com\/en\/#\/schema\/person\/21b6bce839267c902eb25fb7ca407ae0\",\"name\":\"labernik\",\"sameAs\":[\"https:\/\/globe40.com\"],\"url\":\"https:\/\/www.globe40.com\/en\/author\/labernik\/\"}]}<\/script>\n<!-- \/ Yoast SEO plugin. -->","yoast_head_json":{"title":"\ud83c\uddea\ud83c\uddf8 PR\u00d3LOGO DE LA GLOBE40: 900 MILLAS RUMBO A CADIZ \ud83c\uddea\ud83c\uddf8 - globe40","robots":{"index":"index","follow":"follow","max-snippet":"max-snippet:-1","max-image-preview":"max-image-preview:large","max-video-preview":"max-video-preview:-1"},"canonical":"https:\/\/www.globe40.com\/en\/%f0%9f%87%aa%f0%9f%87%b8-prologo-de-la-globe40-900-millas-rumbo-a-cadiz-%f0%9f%87%aa%f0%9f%87%b8\/","og_locale":"en_US","og_type":"article","og_title":"\ud83c\uddea\ud83c\uddf8 PR\u00d3LOGO DE LA GLOBE40: 900 MILLAS RUMBO A CADIZ \ud83c\uddea\ud83c\uddf8 - globe40","og_url":"https:\/\/www.globe40.com\/en\/%f0%9f%87%aa%f0%9f%87%b8-prologo-de-la-globe40-900-millas-rumbo-a-cadiz-%f0%9f%87%aa%f0%9f%87%b8\/","og_site_name":"globe40","article_published_time":"2025-09-04T17:21:22+00:00","og_image":[{"width":1280,"height":854,"url":"https:\/\/www.globe40.com\/wp-content\/uploads\/2025\/09\/image-globe40-cp-depart-lorient-le-prologue-2025-jm-liot.jpeg","type":"image\/jpeg"}],"author":"labernik","twitter_card":"summary_large_image","twitter_image":"https:\/\/www.globe40.com\/wp-content\/uploads\/2023\/12\/Thibaut.Lefevere.jpg","twitter_misc":{"Written by":"labernik","Est. reading time":"4 minutes"},"schema":{"@context":"https:\/\/schema.org","@graph":[{"@type":"WebPage","@id":"https:\/\/www.globe40.com\/en\/%f0%9f%87%aa%f0%9f%87%b8-prologo-de-la-globe40-900-millas-rumbo-a-cadiz-%f0%9f%87%aa%f0%9f%87%b8\/","url":"https:\/\/www.globe40.com\/en\/%f0%9f%87%aa%f0%9f%87%b8-prologo-de-la-globe40-900-millas-rumbo-a-cadiz-%f0%9f%87%aa%f0%9f%87%b8\/","name":"\ud83c\uddea\ud83c\uddf8 PR\u00d3LOGO DE LA GLOBE40: 900 MILLAS RUMBO A CADIZ \ud83c\uddea\ud83c\uddf8 - globe40","isPartOf":{"@id":"https:\/\/www.globe40.com\/en\/#website"},"primaryImageOfPage":{"@id":"https:\/\/www.globe40.com\/en\/%f0%9f%87%aa%f0%9f%87%b8-prologo-de-la-globe40-900-millas-rumbo-a-cadiz-%f0%9f%87%aa%f0%9f%87%b8\/#primaryimage"},"image":{"@id":"https:\/\/www.globe40.com\/en\/%f0%9f%87%aa%f0%9f%87%b8-prologo-de-la-globe40-900-millas-rumbo-a-cadiz-%f0%9f%87%aa%f0%9f%87%b8\/#primaryimage"},"thumbnailUrl":"https:\/\/www.globe40.com\/wp-content\/uploads\/2025\/09\/image-globe40-cp-depart-lorient-le-prologue-2025-jm-liot.jpeg","datePublished":"2025-09-04T17:21:22+00:00","author":{"@id":"https:\/\/www.globe40.com\/en\/#\/schema\/person\/21b6bce839267c902eb25fb7ca407ae0"},"breadcrumb":{"@id":"https:\/\/www.globe40.com\/en\/%f0%9f%87%aa%f0%9f%87%b8-prologo-de-la-globe40-900-millas-rumbo-a-cadiz-%f0%9f%87%aa%f0%9f%87%b8\/#breadcrumb"},"inLanguage":"en-US","potentialAction":[{"@type":"ReadAction","target":["https:\/\/www.globe40.com\/en\/%f0%9f%87%aa%f0%9f%87%b8-prologo-de-la-globe40-900-millas-rumbo-a-cadiz-%f0%9f%87%aa%f0%9f%87%b8\/"]}]},{"@type":"ImageObject","inLanguage":"en-US","@id":"https:\/\/www.globe40.com\/en\/%f0%9f%87%aa%f0%9f%87%b8-prologo-de-la-globe40-900-millas-rumbo-a-cadiz-%f0%9f%87%aa%f0%9f%87%b8\/#primaryimage","url":"https:\/\/www.globe40.com\/wp-content\/uploads\/2025\/09\/image-globe40-cp-depart-lorient-le-prologue-2025-jm-liot.jpeg","contentUrl":"https:\/\/www.globe40.com\/wp-content\/uploads\/2025\/09\/image-globe40-cp-depart-lorient-le-prologue-2025-jm-liot.jpeg","width":1280,"height":854},{"@type":"BreadcrumbList","@id":"https:\/\/www.globe40.com\/en\/%f0%9f%87%aa%f0%9f%87%b8-prologo-de-la-globe40-900-millas-rumbo-a-cadiz-%f0%9f%87%aa%f0%9f%87%b8\/#breadcrumb","itemListElement":[{"@type":"ListItem","position":1,"name":"Accueil","item":"https:\/\/www.globe40.com\/en\/home\/"},{"@type":"ListItem","position":2,"name":"\ud83c\uddea\ud83c\uddf8 PR\u00d3LOGO DE LA GLOBE40: 900 MILLAS RUMBO A CADIZ \ud83c\uddea\ud83c\uddf8"}]},{"@type":"WebSite","@id":"https:\/\/www.globe40.com\/en\/#website","url":"https:\/\/www.globe40.com\/en\/","name":"globe40","description":"Tour du monde en CLASS40","potentialAction":[{"@type":"SearchAction","target":{"@type":"EntryPoint","urlTemplate":"https:\/\/www.globe40.com\/en\/?s={search_term_string}"},"query-input":{"@type":"PropertyValueSpecification","valueRequired":true,"valueName":"search_term_string"}}],"inLanguage":"en-US"},{"@type":"Person","@id":"https:\/\/www.globe40.com\/en\/#\/schema\/person\/21b6bce839267c902eb25fb7ca407ae0","name":"labernik","sameAs":["https:\/\/globe40.com"],"url":"https:\/\/www.globe40.com\/en\/author\/labernik\/"}]}},"_links":{"self":[{"href":"https:\/\/www.globe40.com\/en\/wp-json\/wp\/v2\/posts\/19934","targetHints":{"allow":["GET"]}}],"collection":[{"href":"https:\/\/www.globe40.com\/en\/wp-json\/wp\/v2\/posts"}],"about":[{"href":"https:\/\/www.globe40.com\/en\/wp-json\/wp\/v2\/types\/post"}],"author":[{"embeddable":true,"href":"https:\/\/www.globe40.com\/en\/wp-json\/wp\/v2\/users\/1"}],"replies":[{"embeddable":true,"href":"https:\/\/www.globe40.com\/en\/wp-json\/wp\/v2\/comments?post=19934"}],"version-history":[{"count":2,"href":"https:\/\/www.globe40.com\/en\/wp-json\/wp\/v2\/posts\/19934\/revisions"}],"predecessor-version":[{"id":19971,"href":"https:\/\/www.globe40.com\/en\/wp-json\/wp\/v2\/posts\/19934\/revisions\/19971"}],"wp:featuredmedia":[{"embeddable":true,"href":"https:\/\/www.globe40.com\/en\/wp-json\/wp\/v2\/media\/19968"}],"wp:attachment":[{"href":"https:\/\/www.globe40.com\/en\/wp-json\/wp\/v2\/media?parent=19934"}],"wp:term":[{"taxonomy":"category","embeddable":true,"href":"https:\/\/www.globe40.com\/en\/wp-json\/wp\/v2\/categories?post=19934"},{"taxonomy":"post_tag","embeddable":true,"href":"https:\/\/www.globe40.com\/en\/wp-json\/wp\/v2\/tags?post=19934"}],"curies":[{"name":"wp","href":"https:\/\/api.w.org\/{rel}","templated":true}]}}