{"id":19591,"date":"2025-08-31T11:43:59","date_gmt":"2025-08-31T11:43:59","guid":{"rendered":"https:\/\/www.globe40.com\/?p=19591"},"modified":"2025-08-31T13:21:55","modified_gmt":"2025-08-31T13:21:55","slug":"noticia-de-ultima-hora-salida-del-globe40-aplazada","status":"publish","type":"post","link":"https:\/\/www.globe40.com\/en\/noticia-de-ultima-hora-salida-del-globe40-aplazada\/","title":{"rendered":"NOTICIA DE \u00daLTIMA HORA: SALIDA DEL GLOBE40 APLAZADA"},"content":{"rendered":"<section class=\"l-section wpb_row height_large color_primary with_img parallax_hor bgwidth_130\"><div class=\"l-section-img lazyload\" role=\"img\" aria-label=\"Image\" data-img-width=\"1280\" data-img-height=\"853\" style=\"background-image:inherit;\" data-bg-image=\"url(https:\/\/www.globe40.com\/wp-content\/uploads\/2025\/08\/WhatsApp-Image-2025-08-31-a-12.17.38_e85e2983.jpg)\"><\/div><div class=\"l-section-overlay\" style=\"background:rgba(10,10,10,0.7)\"><\/div><div class=\"l-section-h i-cf\"><div class=\"g-cols vc_row via_grid cols_1 laptops-cols_inherit tablets-cols_inherit mobiles-cols_1 valign_top type_default stacking_default\"><div class=\"wpb_column vc_column_container\"><div class=\"vc_column-inner\"><div class=\"wpb_text_column\"><div class=\"wpb_wrapper\"><h4 style=\"text-align: center;\">NOTICIA DE \u00daLTIMA HORA<\/h4>\n<p style=\"text-align: center;\"><strong><em>SALIDA DEL GLOBE40 APLAZADA\u00a0<\/em><\/strong><\/p>\n<\/div><\/div><div class=\"w-separator us_custom_733cf2a7 size_small\"><\/div><div class=\"w-iconbox iconpos_top style_default color_custom align_center no_text no_title\"><div class=\"w-iconbox-icon\" style=\"font-size:2rem;\"><i class=\"far fa-chevron-down\"><\/i><\/div><div class=\"w-iconbox-meta\"><\/div><\/div><\/div><\/div><\/div><\/div><\/section><section class=\"l-section wpb_row height_large\"><div class=\"l-section-h i-cf\"><div class=\"g-cols vc_row via_grid cols_1 laptops-cols_inherit tablets-cols_inherit mobiles-cols_1 valign_top type_default stacking_default\"><div class=\"wpb_column vc_column_container\"><div class=\"vc_column-inner\"><div class=\"w-image align_center\"><div class=\"w-image-h\"><img decoding=\"async\" width=\"1280\" height=\"853\" data-src=\"https:\/\/www.globe40.com\/wp-content\/uploads\/2025\/08\/WhatsApp-Image-2025-08-31-a-12.17.38_e85e2983.jpg\" class=\"attachment-full size-full lazyload\" alt=\"\" data-srcset=\"https:\/\/www.globe40.com\/wp-content\/uploads\/2025\/08\/WhatsApp-Image-2025-08-31-a-12.17.38_e85e2983.jpg 1280w, https:\/\/www.globe40.com\/wp-content\/uploads\/2025\/08\/WhatsApp-Image-2025-08-31-a-12.17.38_e85e2983-300x200.jpg 300w, https:\/\/www.globe40.com\/wp-content\/uploads\/2025\/08\/WhatsApp-Image-2025-08-31-a-12.17.38_e85e2983-1024x682.jpg 1024w\" data-sizes=\"auto, (max-width: 1280px) 100vw, 1280px\" src=\"data:image\/svg+xml;base64,PHN2ZyB3aWR0aD0iMSIgaGVpZ2h0PSIxIiB4bWxucz0iaHR0cDovL3d3dy53My5vcmcvMjAwMC9zdmciPjwvc3ZnPg==\" style=\"--smush-placeholder-width: 1280px; --smush-placeholder-aspect-ratio: 1280\/853;\" \/><\/div><\/div><div class=\"w-separator us_custom_733cf2a7 size_medium\"><\/div><div class=\"wpb_text_column\"><div class=\"wpb_wrapper\"><p style=\"text-align: justify;\">Debido a las adversas condiciones meteorol\u00f3gicas pronosticadas para el fin de semana y principios de la pr\u00f3xima semana en el Atl\u00e1ntico, especialmente en la zona del Cabo Finisterre, se ha aplazado la salida del GLOBE40 desde Lorient, prevista para ma\u00f1ana domingo 31 de agosto.<\/p>\n<p style=\"text-align: justify;\">Esta situaci\u00f3n se debe a la trayectoria final del ex hurac\u00e1n Erin y del segundo hurac\u00e1n Fernand hacia la costa europea, lo que ha generado una serie de fuertes sistemas de baja presi\u00f3n con vientos de hasta 50 nudos y olas que podr\u00edan superar los 5 m de altura, de corta duraci\u00f3n.<\/p>\n<p style=\"text-align: justify;\">Se publicar\u00e1 una nueva actualizaci\u00f3n la ma\u00f1ana del lunes 1 de septiembre.<\/p>\n<\/div><\/div><div class=\"w-separator size_small\"><\/div><div class=\"wpb_text_column\"><div class=\"wpb_wrapper\"><\/div><\/div><div class=\"g-cols wpb_row via_grid cols_1 laptops-cols_inherit tablets-cols_inherit mobiles-cols_1 valign_top type_default stacking_default\" style=\"--columns-gap:3rem;\"><div class=\"wpb_column vc_column_container\"><div class=\"vc_column-inner\"><div class=\"wpb_text_column\"><div class=\"wpb_wrapper\"><p><em><strong>Share this article:<\/strong><\/em><\/p>\n<\/div><\/div><div class=\"w-separator size_small\"><\/div><div class=\"w-sharing type_simple align_none color_default\"><div class=\"w-sharing-list\"><a class=\"w-sharing-item facebook\" href=\"https:\/\/www.facebook.com\/sharer\/sharer.php?u=https:\/\/www.globe40.com\/en\/wp-json\/wp\/v2\/posts\/19591&amp;quote=NOTICIA+DE+\u00daLTIMA+HORA:+SALIDA+DEL+GLOBE40+APLAZADA\" title=\"Share this\" aria-label=\"Share this\" onclick=\"window.open(this.href, &quot;facebook&quot;, &quot;toolbar=0,width=900,height=500&quot;); return false;\"><i class=\"fab fa-facebook\"><\/i><\/a><a class=\"w-sharing-item twitter\" href=\"https:\/\/twitter.com\/intent\/tweet?text=NOTICIA+DE+\u00daLTIMA+HORA:+SALIDA+DEL+GLOBE40+APLAZADA&amp;url=https:\/\/www.globe40.com\/en\/wp-json\/wp\/v2\/posts\/19591\" title=\"Share this\" aria-label=\"Share this\" onclick=\"window.open(this.href, &quot;twitter&quot;, &quot;toolbar=0,width=650,height=360&quot;); return false;\"><i class=\"fab fa-x-twitter\"><svg style=\"width:1em; margin-bottom:-.1em;\" xmlns=\"http:\/\/www.w3.org\/2000\/svg\" viewBox=\"0 0 512 512\" role=\"presentation\"><path fill=\"currentColor\" d=\"M389.2 48h70.6L305.6 224.2 487 464H345L233.7 318.6 106.5 464H35.8L200.7 275.5 26.8 48H172.4L272.9 180.9 389.2 48zM364.4 421.8h39.1L151.1 88h-42L364.4 421.8z\"\/><\/svg><\/i><\/a><a class=\"w-sharing-item linkedin\" href=\"https:\/\/www.linkedin.com\/shareArticle?mini=true&amp;url=https:\/\/www.globe40.com\/en\/wp-json\/wp\/v2\/posts\/19591\" title=\"Share this\" aria-label=\"Share this\" onclick=\"window.open(this.href, &quot;linkedin&quot;, &quot;toolbar=no,width=550,height=550&quot;); return false;\"><i class=\"fab fa-linkedin\"><\/i><\/a><a class=\"w-sharing-item whatsapp\" href=\"https:\/\/web.whatsapp.com\/send?text=NOTICIA+DE+\u00daLTIMA+HORA:+SALIDA+DEL+GLOBE40+APLAZADA https:\/\/www.globe40.com\/en\/wp-json\/wp\/v2\/posts\/19591\" title=\"Share this\" aria-label=\"Share this\" onclick=\"window.open(this.href, &quot;whatsapp&quot;, &quot;toolbar=0,width=900,height=500&quot;); return false;\"><i class=\"fab fa-whatsapp\"><\/i><\/a><\/div><\/div><div class=\"w-separator size_small\"><\/div><div class=\"w-btn-wrapper align_none\"><a class=\"w-btn us-btn-style_2\" href=\"https:\/\/www.globe40.com\/en\/news\/\"><span class=\"w-btn-label\">Back to news<\/span><\/a><\/div><\/div><\/div><\/div><\/div><\/div><\/div><\/div><\/section>\n","protected":false},"excerpt":{"rendered":"NOTICIA DE \u00daLTIMA HORA SALIDA DEL GLOBE40 APLAZADA\u00a0 Debido a las adversas condiciones meteorol\u00f3gicas pronosticadas para el fin de semana y principios de la pr\u00f3xima semana en el Atl\u00e1ntico, especialmente en la zona del Cabo Finisterre, se ha aplazado la salida del GLOBE40 desde Lorient, prevista para ma\u00f1ana domingo 31 de agosto. Esta situaci\u00f3n se...","protected":false},"author":1,"featured_media":19586,"comment_status":"closed","ping_status":"closed","sticky":false,"template":"","format":"standard","meta":{"_acf_changed":false,"footnotes":""},"categories":[67],"tags":[],"class_list":["post-19591","post","type-post","status-publish","format-standard","has-post-thumbnail","hentry","category-news"],"acf":[],"yoast_head":"<!-- This site is optimized with the Yoast SEO plugin v26.4 - https:\/\/yoast.com\/wordpress\/plugins\/seo\/ -->\n<title>NOTICIA DE \u00daLTIMA HORA: SALIDA DEL GLOBE40 APLAZADA - globe40<\/title>\n<meta name=\"robots\" content=\"index, follow, max-snippet:-1, max-image-preview:large, max-video-preview:-1\" \/>\n<link rel=\"canonical\" href=\"https:\/\/www.globe40.com\/en\/noticia-de-ultima-hora-salida-del-globe40-aplazada\/\" \/>\n<meta property=\"og:locale\" content=\"en_US\" \/>\n<meta property=\"og:type\" content=\"article\" \/>\n<meta property=\"og:title\" content=\"NOTICIA DE \u00daLTIMA HORA: SALIDA DEL GLOBE40 APLAZADA - globe40\" \/>\n<meta property=\"og:url\" content=\"https:\/\/www.globe40.com\/en\/noticia-de-ultima-hora-salida-del-globe40-aplazada\/\" \/>\n<meta property=\"og:site_name\" content=\"globe40\" \/>\n<meta property=\"article:published_time\" content=\"2025-08-31T11:43:59+00:00\" \/>\n<meta property=\"article:modified_time\" content=\"2025-08-31T13:21:55+00:00\" \/>\n<meta property=\"og:image\" content=\"https:\/\/www.globe40.com\/wp-content\/uploads\/2025\/08\/WhatsApp-Image-2025-08-31-a-12.17.38_e85e2983.jpg\" \/>\n\t<meta property=\"og:image:width\" content=\"1280\" \/>\n\t<meta property=\"og:image:height\" content=\"853\" \/>\n\t<meta property=\"og:image:type\" content=\"image\/jpeg\" \/>\n<meta name=\"author\" content=\"labernik\" \/>\n<meta name=\"twitter:card\" content=\"summary_large_image\" \/>\n<meta name=\"twitter:image\" content=\"https:\/\/www.globe40.com\/wp-content\/uploads\/2023\/12\/Thibaut.Lefevere.jpg\" \/>\n<meta name=\"twitter:label1\" content=\"Written by\" \/>\n\t<meta name=\"twitter:data1\" content=\"labernik\" \/>\n\t<meta name=\"twitter:label2\" content=\"Est. reading time\" \/>\n\t<meta name=\"twitter:data2\" content=\"1 minute\" \/>\n<script type=\"application\/ld+json\" class=\"yoast-schema-graph\">{\"@context\":\"https:\/\/schema.org\",\"@graph\":[{\"@type\":\"WebPage\",\"@id\":\"https:\/\/www.globe40.com\/en\/noticia-de-ultima-hora-salida-del-globe40-aplazada\/\",\"url\":\"https:\/\/www.globe40.com\/en\/noticia-de-ultima-hora-salida-del-globe40-aplazada\/\",\"name\":\"NOTICIA DE \u00daLTIMA HORA: SALIDA DEL GLOBE40 APLAZADA - globe40\",\"isPartOf\":{\"@id\":\"https:\/\/www.globe40.com\/en\/#website\"},\"primaryImageOfPage\":{\"@id\":\"https:\/\/www.globe40.com\/en\/noticia-de-ultima-hora-salida-del-globe40-aplazada\/#primaryimage\"},\"image\":{\"@id\":\"https:\/\/www.globe40.com\/en\/noticia-de-ultima-hora-salida-del-globe40-aplazada\/#primaryimage\"},\"thumbnailUrl\":\"https:\/\/www.globe40.com\/wp-content\/uploads\/2025\/08\/WhatsApp-Image-2025-08-31-a-12.17.38_e85e2983.jpg\",\"datePublished\":\"2025-08-31T11:43:59+00:00\",\"dateModified\":\"2025-08-31T13:21:55+00:00\",\"author\":{\"@id\":\"https:\/\/www.globe40.com\/en\/#\/schema\/person\/21b6bce839267c902eb25fb7ca407ae0\"},\"breadcrumb\":{\"@id\":\"https:\/\/www.globe40.com\/en\/noticia-de-ultima-hora-salida-del-globe40-aplazada\/#breadcrumb\"},\"inLanguage\":\"en-US\",\"potentialAction\":[{\"@type\":\"ReadAction\",\"target\":[\"https:\/\/www.globe40.com\/en\/noticia-de-ultima-hora-salida-del-globe40-aplazada\/\"]}]},{\"@type\":\"ImageObject\",\"inLanguage\":\"en-US\",\"@id\":\"https:\/\/www.globe40.com\/en\/noticia-de-ultima-hora-salida-del-globe40-aplazada\/#primaryimage\",\"url\":\"https:\/\/www.globe40.com\/wp-content\/uploads\/2025\/08\/WhatsApp-Image-2025-08-31-a-12.17.38_e85e2983.jpg\",\"contentUrl\":\"https:\/\/www.globe40.com\/wp-content\/uploads\/2025\/08\/WhatsApp-Image-2025-08-31-a-12.17.38_e85e2983.jpg\",\"width\":1280,\"height\":853},{\"@type\":\"BreadcrumbList\",\"@id\":\"https:\/\/www.globe40.com\/en\/noticia-de-ultima-hora-salida-del-globe40-aplazada\/#breadcrumb\",\"itemListElement\":[{\"@type\":\"ListItem\",\"position\":1,\"name\":\"Accueil\",\"item\":\"https:\/\/www.globe40.com\/en\/home\/\"},{\"@type\":\"ListItem\",\"position\":2,\"name\":\"NOTICIA DE \u00daLTIMA HORA: SALIDA DEL GLOBE40 APLAZADA\"}]},{\"@type\":\"WebSite\",\"@id\":\"https:\/\/www.globe40.com\/en\/#website\",\"url\":\"https:\/\/www.globe40.com\/en\/\",\"name\":\"globe40\",\"description\":\"Tour du monde en CLASS40\",\"potentialAction\":[{\"@type\":\"SearchAction\",\"target\":{\"@type\":\"EntryPoint\",\"urlTemplate\":\"https:\/\/www.globe40.com\/en\/?s={search_term_string}\"},\"query-input\":{\"@type\":\"PropertyValueSpecification\",\"valueRequired\":true,\"valueName\":\"search_term_string\"}}],\"inLanguage\":\"en-US\"},{\"@type\":\"Person\",\"@id\":\"https:\/\/www.globe40.com\/en\/#\/schema\/person\/21b6bce839267c902eb25fb7ca407ae0\",\"name\":\"labernik\",\"sameAs\":[\"https:\/\/globe40.com\"],\"url\":\"https:\/\/www.globe40.com\/en\/author\/labernik\/\"}]}<\/script>\n<!-- \/ Yoast SEO plugin. -->","yoast_head_json":{"title":"NOTICIA DE \u00daLTIMA HORA: SALIDA DEL GLOBE40 APLAZADA - globe40","robots":{"index":"index","follow":"follow","max-snippet":"max-snippet:-1","max-image-preview":"max-image-preview:large","max-video-preview":"max-video-preview:-1"},"canonical":"https:\/\/www.globe40.com\/en\/noticia-de-ultima-hora-salida-del-globe40-aplazada\/","og_locale":"en_US","og_type":"article","og_title":"NOTICIA DE \u00daLTIMA HORA: SALIDA DEL GLOBE40 APLAZADA - globe40","og_url":"https:\/\/www.globe40.com\/en\/noticia-de-ultima-hora-salida-del-globe40-aplazada\/","og_site_name":"globe40","article_published_time":"2025-08-31T11:43:59+00:00","article_modified_time":"2025-08-31T13:21:55+00:00","og_image":[{"width":1280,"height":853,"url":"https:\/\/www.globe40.com\/wp-content\/uploads\/2025\/08\/WhatsApp-Image-2025-08-31-a-12.17.38_e85e2983.jpg","type":"image\/jpeg"}],"author":"labernik","twitter_card":"summary_large_image","twitter_image":"https:\/\/www.globe40.com\/wp-content\/uploads\/2023\/12\/Thibaut.Lefevere.jpg","twitter_misc":{"Written by":"labernik","Est. reading time":"1 minute"},"schema":{"@context":"https:\/\/schema.org","@graph":[{"@type":"WebPage","@id":"https:\/\/www.globe40.com\/en\/noticia-de-ultima-hora-salida-del-globe40-aplazada\/","url":"https:\/\/www.globe40.com\/en\/noticia-de-ultima-hora-salida-del-globe40-aplazada\/","name":"NOTICIA DE \u00daLTIMA HORA: SALIDA DEL GLOBE40 APLAZADA - globe40","isPartOf":{"@id":"https:\/\/www.globe40.com\/en\/#website"},"primaryImageOfPage":{"@id":"https:\/\/www.globe40.com\/en\/noticia-de-ultima-hora-salida-del-globe40-aplazada\/#primaryimage"},"image":{"@id":"https:\/\/www.globe40.com\/en\/noticia-de-ultima-hora-salida-del-globe40-aplazada\/#primaryimage"},"thumbnailUrl":"https:\/\/www.globe40.com\/wp-content\/uploads\/2025\/08\/WhatsApp-Image-2025-08-31-a-12.17.38_e85e2983.jpg","datePublished":"2025-08-31T11:43:59+00:00","dateModified":"2025-08-31T13:21:55+00:00","author":{"@id":"https:\/\/www.globe40.com\/en\/#\/schema\/person\/21b6bce839267c902eb25fb7ca407ae0"},"breadcrumb":{"@id":"https:\/\/www.globe40.com\/en\/noticia-de-ultima-hora-salida-del-globe40-aplazada\/#breadcrumb"},"inLanguage":"en-US","potentialAction":[{"@type":"ReadAction","target":["https:\/\/www.globe40.com\/en\/noticia-de-ultima-hora-salida-del-globe40-aplazada\/"]}]},{"@type":"ImageObject","inLanguage":"en-US","@id":"https:\/\/www.globe40.com\/en\/noticia-de-ultima-hora-salida-del-globe40-aplazada\/#primaryimage","url":"https:\/\/www.globe40.com\/wp-content\/uploads\/2025\/08\/WhatsApp-Image-2025-08-31-a-12.17.38_e85e2983.jpg","contentUrl":"https:\/\/www.globe40.com\/wp-content\/uploads\/2025\/08\/WhatsApp-Image-2025-08-31-a-12.17.38_e85e2983.jpg","width":1280,"height":853},{"@type":"BreadcrumbList","@id":"https:\/\/www.globe40.com\/en\/noticia-de-ultima-hora-salida-del-globe40-aplazada\/#breadcrumb","itemListElement":[{"@type":"ListItem","position":1,"name":"Accueil","item":"https:\/\/www.globe40.com\/en\/home\/"},{"@type":"ListItem","position":2,"name":"NOTICIA DE \u00daLTIMA HORA: SALIDA DEL GLOBE40 APLAZADA"}]},{"@type":"WebSite","@id":"https:\/\/www.globe40.com\/en\/#website","url":"https:\/\/www.globe40.com\/en\/","name":"globe40","description":"Tour du monde en CLASS40","potentialAction":[{"@type":"SearchAction","target":{"@type":"EntryPoint","urlTemplate":"https:\/\/www.globe40.com\/en\/?s={search_term_string}"},"query-input":{"@type":"PropertyValueSpecification","valueRequired":true,"valueName":"search_term_string"}}],"inLanguage":"en-US"},{"@type":"Person","@id":"https:\/\/www.globe40.com\/en\/#\/schema\/person\/21b6bce839267c902eb25fb7ca407ae0","name":"labernik","sameAs":["https:\/\/globe40.com"],"url":"https:\/\/www.globe40.com\/en\/author\/labernik\/"}]}},"_links":{"self":[{"href":"https:\/\/www.globe40.com\/en\/wp-json\/wp\/v2\/posts\/19591","targetHints":{"allow":["GET"]}}],"collection":[{"href":"https:\/\/www.globe40.com\/en\/wp-json\/wp\/v2\/posts"}],"about":[{"href":"https:\/\/www.globe40.com\/en\/wp-json\/wp\/v2\/types\/post"}],"author":[{"embeddable":true,"href":"https:\/\/www.globe40.com\/en\/wp-json\/wp\/v2\/users\/1"}],"replies":[{"embeddable":true,"href":"https:\/\/www.globe40.com\/en\/wp-json\/wp\/v2\/comments?post=19591"}],"version-history":[{"count":2,"href":"https:\/\/www.globe40.com\/en\/wp-json\/wp\/v2\/posts\/19591\/revisions"}],"predecessor-version":[{"id":19669,"href":"https:\/\/www.globe40.com\/en\/wp-json\/wp\/v2\/posts\/19591\/revisions\/19669"}],"wp:featuredmedia":[{"embeddable":true,"href":"https:\/\/www.globe40.com\/en\/wp-json\/wp\/v2\/media\/19586"}],"wp:attachment":[{"href":"https:\/\/www.globe40.com\/en\/wp-json\/wp\/v2\/media?parent=19591"}],"wp:term":[{"taxonomy":"category","embeddable":true,"href":"https:\/\/www.globe40.com\/en\/wp-json\/wp\/v2\/categories?post=19591"},{"taxonomy":"post_tag","embeddable":true,"href":"https:\/\/www.globe40.com\/en\/wp-json\/wp\/v2\/tags?post=19591"}],"curies":[{"name":"wp","href":"https:\/\/api.w.org\/{rel}","templated":true}]}}