{"id":19486,"date":"2025-08-22T10:12:55","date_gmt":"2025-08-22T10:12:55","guid":{"rendered":"https:\/\/www.globe40.com\/?p=19486"},"modified":"2025-08-22T10:12:55","modified_gmt":"2025-08-22T10:12:55","slug":"salida-en-lorient-el-31-de-agosto-de-una-nueva-aventura-extraordinaria-2","status":"publish","type":"post","link":"https:\/\/www.globe40.com\/en\/salida-en-lorient-el-31-de-agosto-de-una-nueva-aventura-extraordinaria-2\/","title":{"rendered":"SALIDA EN LORIENT EL 31 DE AGOSTO DE UNA NUEVA AVENTURA EXTRAORDINARIA"},"content":{"rendered":"<section class=\"l-section wpb_row height_large color_primary with_img parallax_hor bgwidth_130\"><div class=\"l-section-img lazyload\" role=\"img\" aria-label=\"Image\" data-img-width=\"1024\" data-img-height=\"683\" style=\"background-image:inherit;\" data-bg-image=\"url(https:\/\/www.globe40.com\/wp-content\/uploads\/2023\/08\/cp-2nd-edition-avis-de-course.jpg)\"><\/div><div class=\"l-section-overlay\" style=\"background:rgba(10,10,10,0.7)\"><\/div><div class=\"l-section-h i-cf\"><div class=\"g-cols vc_row via_grid cols_1 laptops-cols_inherit tablets-cols_inherit mobiles-cols_1 valign_top type_default stacking_default\"><div class=\"wpb_column vc_column_container\"><div class=\"vc_column-inner\"><div class=\"wpb_text_column\"><div class=\"wpb_wrapper\"><h4 style=\"text-align: center;\"><strong>COMUNICADO DE IMPRENSA <\/strong><\/h4>\n<p style=\"text-align: center;\"><strong><em>PARTIDA EM LORIENT A 31 DE AGOSTO DE UMA NOVA AVENTURA FORA DO COMUM<\/em><\/strong><\/p>\n<\/div><\/div><div class=\"w-separator us_custom_733cf2a7 size_small\"><\/div><div class=\"w-iconbox iconpos_top style_default color_custom align_center no_text no_title\"><div class=\"w-iconbox-icon\" style=\"font-size:2rem;\"><i class=\"far fa-chevron-down\"><\/i><\/div><div class=\"w-iconbox-meta\"><\/div><\/div><\/div><\/div><\/div><\/div><\/section><section class=\"l-section wpb_row height_large\"><div class=\"l-section-h i-cf\"><div class=\"g-cols vc_row via_grid cols_1 laptops-cols_inherit tablets-cols_inherit mobiles-cols_1 valign_top type_default stacking_default\"><div class=\"wpb_column vc_column_container\"><div class=\"vc_column-inner\"><div class=\"w-image align_center\"><div class=\"w-image-h\"><img decoding=\"async\" width=\"1706\" height=\"2560\" data-src=\"https:\/\/www.globe40.com\/wp-content\/uploads\/2025\/08\/Affiche_Globe40_Lorient-scaled.jpg\" class=\"attachment-full size-full lazyload\" alt=\"\" data-srcset=\"https:\/\/www.globe40.com\/wp-content\/uploads\/2025\/08\/Affiche_Globe40_Lorient-scaled.jpg 1706w, https:\/\/www.globe40.com\/wp-content\/uploads\/2025\/08\/Affiche_Globe40_Lorient-200x300.jpg 200w, https:\/\/www.globe40.com\/wp-content\/uploads\/2025\/08\/Affiche_Globe40_Lorient-683x1024.jpg 683w, https:\/\/www.globe40.com\/wp-content\/uploads\/2025\/08\/Affiche_Globe40_Lorient-1024x1536.jpg 1024w\" data-sizes=\"auto, (max-width: 1706px) 100vw, 1706px\" src=\"data:image\/svg+xml;base64,PHN2ZyB3aWR0aD0iMSIgaGVpZ2h0PSIxIiB4bWxucz0iaHR0cDovL3d3dy53My5vcmcvMjAwMC9zdmciPjwvc3ZnPg==\" style=\"--smush-placeholder-width: 1706px; --smush-placeholder-aspect-ratio: 1706\/2560;\" \/><\/div><\/div><div class=\"w-separator us_custom_733cf2a7 size_medium\"><\/div><div class=\"wpb_text_column\"><div class=\"wpb_wrapper\"><p style=\"text-align: justify;\"><strong><em>A 19 de mar\u00e7o de 2023 terminava em Lorient, num dia pleno de emo\u00e7\u00e3o, a 1\u00aa edi\u00e7\u00e3o da GLOBE40, uma nova grande aventura planet\u00e1ria proposta aos regatistas de Class40. Apenas dois anos e meio depois, no pr\u00f3ximo domingo, 31 de agosto, 9 tripula\u00e7\u00f5es partir\u00e3o para o pr\u00f3logo da 2\u00aa edi\u00e7\u00e3o da GLOBE40, das quais 8 est\u00e3o destinadas a efetuar a volta ao mundo. Para estes 37 skippers inscritos at\u00e9 \u00e0 data nas v\u00e1rias etapas, de 12 nacionalidades distintas, \u00e9 o grande sonho \u00e0 volta do mundo, um projeto que supera tudo em dura\u00e7\u00e3o, empenho, exig\u00eancia e a sua simples presen\u00e7a na linha de partida j\u00e1 \u00e9 um sucesso: 8 projetos, cada um com uma personalidade forte, uma determina\u00e7\u00e3o manifesta em ir at\u00e9 ao fim e um elevado n\u00edvel de prepara\u00e7\u00e3o t\u00e9cnica e desportiva. Com como resultado uma evolu\u00e7\u00e3o tecnol\u00f3gica que poderia resumir-se num \u00fanico n\u00famero revelador: os detentores do t\u00edtulo, os holandeses Frans Budel e Ysbrand Endt a bordo do seu Class40 N\u00ba44, poder\u00e3o olhar com inveja para esta nova linha de partida onde o mais recente \u00e9 o n\u00ba202 CREDIT MUTUEL de Ian Lipinski: uma imagem do caminho percorrido pela prova em 2 anos, dos desafios desta nova edi\u00e7\u00e3o e do seu formid\u00e1vel potencial para o futuro, simbolizando o conceito de uma volta ao mundo acess\u00edvel. Mas antes de mais, s\u00e3o 8 belas hist\u00f3rias de cada um destes projetos que ser\u00e3o contadas durante os pr\u00f3ximos 8 meses.<\/em><\/strong><\/p>\n<p>Uma palavra para aqueles que n\u00e3o partem: apesar de seriamente empenhados com a compra de um Class40 dedicado ao projeto, as equipas VOGUE AUTOUR DU MONDE (Class40 n\u00ba101 &#8211; St\u00e9phane Hunot e Benoit Lequin) e ESATCO de Nicolas Guibal (Class40 n\u00ba141) tiveram de desistir muito recentemente por n\u00e3o terem conseguido fechar o seu or\u00e7amento; os seus lugares de tripula\u00e7\u00e3o, que at\u00e9 j\u00e1 foram produzidos, esperam-nos para a 3\u00aa edi\u00e7\u00e3o&#8230;<\/p>\n<p>\ud83c\uddea\ud83c\uddf8\u00a0\u00a1Hola Espa\u00f1a!\u00a0E a GLOBE40 tem o prazer de saudar o pa\u00eds anfitri\u00e3o da Grande Partida de C\u00e1diz, convidando para o pr\u00f3logo a skipper espanhola\u00a0<strong>Aina Bauza Roig<\/strong>e a sua co-skipper francesa\u00a0<strong>Axelle Pillain<\/strong>, vencedoras da 3\u00aa edi\u00e7\u00e3o do Cap pour Elles, um programa de feminiza\u00e7\u00e3o da vela oce\u00e2nica, no seu Class40 n\u00ba 175\u00a0<strong>ENGIE &#8211; Dessine-moi la High-Tech;<\/strong>\u00a0uma bela valoriza\u00e7\u00e3o numa prova onde um quarto dos skippers l\u00edderes de projeto s\u00e3o mulheres e onde v\u00e1rias skippers com futuro estar\u00e3o presentes, como Am\u00e9lie Grassi, Djamila Tassin ou Julia Virat.<\/p>\n<p><strong>E AS HIST\u00d3RIAS&#8230;<\/strong><\/p>\n<p>\ud83c\udde6\ud83c\uddf9\u00a0<strong>N\u00ba93: WILSON AROUND THE WORLD: Lisa Berger \/ Jade Edwards &#8211; Liney:<\/strong>\u00a0Quem \u00e9 Wilson? \u00c9 a hist\u00f3ria de uma skipper austr\u00edaca que, ap\u00f3s a sua Mini-Transat em 2023, decidiu que n\u00e3o podia ficar por ali com a vela oce\u00e2nica e que o sonho da volta ao mundo se impunha. Certamente que o n\u00ba93 \u00e9 antigo, mas com uma bela reputa\u00e7\u00e3o (vencedor da CIC Normandy Channel Race com Sam Goodchild) e, sobretudo, com a experi\u00eancia profissional n\u00e1utica de Jade no Pa\u00eds de Gales, sofreu uma reforma completa de quase um ano. Estas duas t\u00eam uma vontade tremenda e &#8220;talvez sejamos um dos barcos mais antigos, mas sabendo que tudo \u00e9 poss\u00edvel nestas longas regatas oce\u00e2nicas, isso s\u00f3 refor\u00e7a a nossa motiva\u00e7\u00e3o em fazer bem e ser r\u00e1pidos&#8221;. E quem \u00e9 o WILSON em tudo isto? Uma bela sensibilidade da sua skipper para dar um nome e uma alma a estas poucas toneladas de resina, e diz-se que o c\u00e3o da Lisa, que fez furor nas redes sociais, poder\u00e1 bem tentar embarcar tamb\u00e9m&#8230;<\/p>\n<p>\ud83c\udde8\ud83c\udde6\u00a0<strong>N\u00ba128: WHISKEY JACK<\/strong>\u00a0<strong>est\u00e1 de volta! M\u00e9lodie Schaffer e a sua incr\u00edvel equipa de regressados da 1\u00aa edi\u00e7\u00e3o<\/strong>!\u00a0Um pot-pourri de todas as outras equipas: o americano Craig Horsfield, o holand\u00eas Ysbrand Endt (vencedor em t\u00edtulo), o campe\u00e3o de multicasco australiano Paul Stratfold e, no meio de todo este aer\u00f3pago cosmopolita, uma guia de alta montanha, recente e apaixonada regatista oce\u00e2nica, Julia Virat. \u00c9 a hist\u00f3ria de uma skipper canadiana, figura emblem\u00e1tica da 1\u00aa edi\u00e7\u00e3o, que for\u00e7ou a admira\u00e7\u00e3o de todos em 2022\/2023 pela sua determina\u00e7\u00e3o e tenacidade, superando m\u00faltiplas dificuldades num projeto e num barco que conheceu praticamente todas as avarias poss\u00edveis e imagin\u00e1veis. E que, numa bela noite, no maior clube do Canad\u00e1, em Toronto, acabou por ser recompensada como Canadian Rolex Sailor of the Year, \u00e0 frente da equipa canadiana do Sail GP&#8230; Ela regressa com um projeto mais estruturado, mas provavelmente com n\u00e3o menos vontade, para aquela que det\u00e9m o recorde das 24 horas no mar na prova e venceu uma etapa. O \u00fanico problema nisto tudo \u00e9 que vai ser preciso rever todos os hor\u00e1rios, pois as efusivas despedidas no pont\u00e3o da M\u00e9lodie \u00e0s outras equipas em cada partida s\u00e3o momentos antol\u00f3gicos de que o fot\u00f3grafo Jean-Marie Liot nunca perde um \u00e1pice&#8230;<\/p>\n<p>\ud83c\uddeb\ud83c\uddf7\u00a0<strong>N\u00ba139: FREE DOM: Thibaut Lefevere \/ Maxime Bourcier \/ Victor Jost \/ Fran\u00e7ois Martin:<\/strong>\u00a0O Oceano \u00cdndico convida-se para a GLOBE40! \u00c9 a hist\u00f3ria de um skipper, Thibaut Lefevere, empres\u00e1rio residente na Reuni\u00e3o, que ap\u00f3s uma primeira experi\u00eancia bem-sucedida numa Transat Jacques Vabre, regressa a trabalhar na bela ilha do Oceano \u00cdndico, mas amadurece um projeto ainda mais louco: dar a volta ao mundo! E consegue convencer novamente o seu parceiro, uma r\u00e1dio fora do comum, FREE DOM, em quasi-monop\u00f3lio na ilha e a quem se conta tudo, muito frequentemente em crioulo, a embarcar na aventura. E que ainda por cima se p\u00f5e a cabe\u00e7a a convencer o organizador a fazer uma escala na ilha, uma grande primeira, e que, no final, diz que sim. Em resumo, a &#8220;ilha intensa&#8221; vai produzir-nos uma equipa &#8220;intensa&#8221; e muito certamente uma &#8220;etapa intensa&#8221; com um grande programa de anima\u00e7\u00e3o, com a cor e o calor deste peda\u00e7o de Fran\u00e7a, deste magn\u00edfico fragmento do fim do mundo, fustigado por ciclones como recentemente Cabo Verde, e que mergulha nas culturas europeia, africana, indiana, chinesas&#8230;<\/p>\n<p>\ud83c\udde7\ud83c\uddf7\u00a0<strong>N\u00ba151: BARCO BRASIL: Jos\u00e9 Guiherme Caldas \/ Luiz Bolina;<\/strong>\u00a0Da medicina de alto n\u00edvel \u00e0 vela oce\u00e2nica! \u00c9 a hist\u00f3ria de um angolano que se tornou brasileiro e um dos neurocirurgi\u00f5es mais conhecidos no Brasil e no mundo, percorrendo confer\u00eancias internacionais e m\u00e9dico pessoal do Presidente Lula do Brasil. E que desde sempre escolheu o mar como ant\u00eddoto para a sua outra vida nos hospitais: regatista oce\u00e2nico j\u00e1 reputado, venceu nomeadamente a CapeTown\/Rio e a Refeno, a maior regata oce\u00e2nica do Brasil entre Recife e o arquip\u00e9lago de Fernando de Noronha. Ent\u00e3o, progressivamente, a ambi\u00e7\u00e3o sobe e vende-se o Class40 n\u00ba107 para comprar o 151 para ser competitivo na GLOBE40, porque chega um momento em que o regatista oce\u00e2nico s\u00f3 se pode realizar dando o passo ultimate, a volta ao mundo&#8230; projeto preparado h\u00e1 muito tempo, rutura numa vida preenchida, realiza\u00e7\u00e3o pessoal, paix\u00e3o pela regata&#8230; Senhor Professor, n\u00e3o vamos perguntar-lhe se tem o certificado de &#8220;Primeiros Socorros&#8221;&#8230; e por detr\u00e1s deste projeto, uma forte vontade de comunica\u00e7\u00e3o sobre um projeto com as cores do pa\u00eds para popularizar a vela no Brasil, o Barco Brasil; e as cores s\u00e3o quentes, como dever\u00e1 ser a escala, novamente no Brasil, em Recife, no cora\u00e7\u00e3o do Nordeste.<\/p>\n<p>\ud83c\uddec\ud83c\udde7\u00a0<strong>N\u00ba152: JANGADA RACING: Richard Palmer \/ Rupert Holmes:<\/strong>\u00a0Do Solent \u00e0 volta do planeta. \u00c9 a hist\u00f3ria de um cidad\u00e3o de Sua Majestade, tenor da vela IRC, campe\u00e3o do RORC 2022, vencedor da Transat do RORC, atual Vice-Commodore do celeb\u00e9rrimo RORC, com o seu compadre Rupert Holmes, jornalista habitual da Yachting World, a primeira revista n\u00e1utica mundial em difus\u00e3o, e que poderia at\u00e9 ao fim dos seus dias n\u00e1uticos percorrer o Solent em todos os sentidos e alinhar Fastnets; e em vez disso, a equipa lan\u00e7a-se num incr\u00edvel novo desafio, passar para o Class40, atravessar o Canal para ver o que fazem esses frenchies nas suas divertidas m\u00e1quinas e, sobretudo, dar uma volta ao mundo&#8230; calha bem, uma nova prova mais ou menos s\u00e9ria acabou de terminar, trouxe todas as suas equipais de volta&#8230; ent\u00e3o compra-se desde 2023 o 152, um Class40 Tyker muito performante, e lan\u00e7a-se no Class40, em particular na Normandy, experi\u00eancia um pouco brutal da primeira vez, a prova n\u00e3o se deixa conquistar assim, com uma verdadeira satisfa\u00e7\u00e3o na segunda, &#8220;finisher&#8221; de uma edi\u00e7\u00e3o de 2025 particularmente severa. Mas uma boa experi\u00eancia a reter, \u00e0 espera dos mares do sul, num barco que, tal como a maioria dos outros concorrentes, passou tamb\u00e9m um longo inverno em estaleiro com um elevado n\u00edvel de prepara\u00e7\u00e3o.<\/p>\n<p>\ud83c\udde7\ud83c\uddea<strong>\u00a0N\u00ba187: BELGIUM OCEAN RACING &#8211; CURIUM: Jonas Gerckens \/ Renaud Dehareng \/ Benoit Hantzberg \/ Djamila Tassin:<\/strong>\u00a0A B\u00e9lgica ao assalto do mundo! \u00c9 a hist\u00f3ria de um skipper belga, Jonas Gerckens, a quem a vela oce\u00e2nica trouxe uma mistura de fortes satisfa\u00e7\u00f5es mas tamb\u00e9m de provas na adversidade; daquela que viveu numa Route du Rhum, for\u00e7ado ao abandono ap\u00f3s uma poderosa infe\u00e7\u00e3o, fez um bel\u00edssimo filme, decerto com tanto conte\u00fado como o relato de uma vit\u00f3ria, como aguentar, reconstruir-se e recome\u00e7ar&#8230; e a\u00ed mistura-se outra hist\u00f3ria, a de um brilhante empres\u00e1rio, Renaud Dehareng, a desenvolver uma empresa de ponta em medicina nuclear, Curium, e que est\u00e1 na primeira p\u00e1gina das revistas internacionais de business&#8230; mas tamb\u00e9m se \u00e9 apaixonado pelo mar e pela vela oce\u00e2nica; e quando um encontra o outro, faz-se a equipa Belgium Ocean Racing e, como n\u00e3o se tem medo de nada, parte-se \u00e0 volta do mundo para n\u00e3o fazer como os outros nos circuitos cl\u00e1ssicos&#8230; junta-se a esta cozinha outros ingredientes como a talentosa belgo-espanhola Djamila Tassin, recente propriet\u00e1ria de um Class40, e o skipper profissional Benoit Hanztberg, velejador de profiss\u00e3o. Um projeto concebido como um quarteto, atestando a chegada dos famosos scow \u00e0 GLOBE40 com o n\u00ba187, dando j\u00e1 dores de cabe\u00e7a \u00e0 dire\u00e7\u00e3o de prova para estimar o n\u00edvel do aumento das velocidades m\u00e9dias entre as duas edi\u00e7\u00f5es&#8230; r\u00e1pido, de qualquer modo, bem parece haver no ar qualquer coisa do g\u00e9nero do recorde de 24 horas em Class40 nos mares do sul, a menos que se escolha a prud\u00eancia para durar&#8230; sim, mas o que far\u00e3o os outros? viagem, certamente, mas tamb\u00e9m muita regata no programa.<\/p>\n<p>\ud83c\udde9\ud83c\uddea\u00a0<strong>N\u00ba189: NEXT GENERATION BOATING AROUND THE WORLD &#8211; Lennart Burke \/ Melvin Fink:<\/strong>\u00a0Quando a Alemanha descobre uma paix\u00e3o pela vela oce\u00e2nica. \u00c9 a hist\u00f3ria de dois jovens skippers, de 26 e 23 anos, que ap\u00f3s um percurso j\u00e1 rico em offshore (Mini-Transat, Jacques Vabre, CIC Normandy), t\u00eam a oportunidade, 4 meses antes da partida e na v\u00e9spera exata do encerramento das inscri\u00e7\u00f5es, de se lan\u00e7ar no grande desafio \u00e0 volta do mundo. Com a ambi\u00e7\u00e3o de seguir os passos de um grande antigo &#8211; ainda que jovem &#8211; Boris Herrmann, que verdadeiramente &#8220;entusiasmou&#8221; a Alemanha com os seus feitos \u00e0 volta do mundo. \u00c9 a ambi\u00e7\u00e3o de serem a equipagem mais jovem a regatar \u00e0 volta do mundo e de pensar &#8220;social&#8221; e &#8220;n\u00e3o apenas navegar para a vit\u00f3ria, mas tamb\u00e9m para mostrar o que \u00e9 poss\u00edvel realizar quando os jovens escolhem liderar, perseverar e sonhar \u00e0 escala global&#8221;. Um desafio que parece apaixonar as multid\u00f5es alem\u00e3s, pois estes jovens skippers s\u00e3o tamb\u00e9m muito bons comunicadores e capazes, como nas \u00faltimas semanas &#8211; antes mesmo da partida &#8211; de gerar v\u00e1rios milh\u00f5es de visualiza\u00e7\u00f5es nas suas redes sociais&#8230; a corrida vai estar tamb\u00e9m a\u00ed entre 8 projetos que n\u00e3o s\u00f3 t\u00eam belas hist\u00f3rias para contar, como ainda sabem cont\u00e1-las de uma forma moderna e atraente.<\/p>\n<p>\ud83c\uddeb\ud83c\uddf7\u00a0<strong>N\u00ba202 &#8211; CREDIT MUTUEL &#8211; Ian Lipinksi \/ Antoine Carpentier \/ Amelie Grassi;<\/strong>\u00a0&#8220;last but not least&#8221; o n\u00famero do Class40 enlouquece os contadores: 202&#8230; a apenas 10 n\u00fameros do \u00faltimo Class40 lan\u00e7ado \u00e0 \u00e1gua em 2025. Mas o que ia ele fazer nesta gal\u00e9? Ap\u00f3s ter colecionado durante anos vit\u00f3rias (Mini-Transat em proto e em s\u00e9rie &#8211; Transat Jacques Vabre &#8211; CIC Normandy &#8211; 2\u00ba na Transat CIC), um regatista de primeira linha decide abandonar os seus pequenos camaradas aos seus jogos habituais e contar outra hist\u00f3ria&#8230; outra hist\u00f3ria? uma volta ao mundo, pensada como uma aventura desportiva, os reflexos estar\u00e3o sempre l\u00e1, mas tamb\u00e9m familiar, pessoal&#8230; como se a sua paix\u00e3o pelo planador tivesse conduzido Ian a olhar as coisas de cima&#8230; olhar o essencial e regressar com uma experi\u00eancia de regatista oce\u00e2nico \u00e0 volta do mundo e ter ganho espessura em todos os outros planos. Quanto ao barco, ap\u00f3s ter revolucionado o mercado com o primeiro scow &#8211; o 158 em 2019 &#8211; este novo plano provou na \u00faltima Normandy, ap\u00f3s um trabalho de afina\u00e7\u00e3o, que estava bem no topo da Class40. Pequenos camaradas de jogo como Antoine Carpentier &#8211; n\u00e3o h\u00e1 espa\u00e7o suficiente para o palmar\u00e9s &#8211; e Amelie Grassi &#8211; recente vencedora do Fastnet no ultimate VSR &#8211; n\u00e3o dever\u00e3o baixar o n\u00edvel da tripula\u00e7\u00e3o.<\/p>\n<p><strong>PROGRAMA DO PR\u00d3LOGO EM LORIENT<\/strong><br \/>\n<strong>Segunda-feira, 25 de agosto<\/strong>: chegada de todos os Class40 &#8211; pont\u00e3o A &#8211; Lorient La Base, em frente da Capitania<br \/>\n<strong>De segunda-feira, 25, a sexta-feira, 29:<\/strong>\u00a0controlo de equipamentos<br \/>\n<strong>De ter\u00e7a-feira, 26, a sexta-feira, 29:<\/strong>\u00a0rece\u00e7\u00e3o de 300 crian\u00e7as e acompanhantes dos centros de lazer dos munic\u00edpios da aglomera\u00e7\u00e3o de Lorient<br \/>\n<strong>Quinta-feira, 28:<\/strong>\u00a0webinar Bretagne Sailing Valley &#8220;as novas ambi\u00e7\u00f5es da Class40&#8221;<br \/>\n<strong>Sexta-feira, 29:\u00a0<\/strong>briefing de seguran\u00e7a<br \/>\n<strong>S\u00e1bado, 30:<\/strong>\u00a0briefing de partida<\/p>\n<p><strong>O programa da partida no domingo, 31 de agosto:<\/strong><br \/>\n\u2022\u2060 \u00a0\u206011.00 \/ 11.20 partida individual de Lorient La Base de cada concorrente &#8211; acompanhamento musical pelo Bagad da Cidade de Lorient (a confirmar)<br \/>\n\u2022\u2060 \u00a0\u206012.00: partida simb\u00f3lica no Scorff em frente ao hotel da Agglom\u00e9ration &#8211; partida em parada, um a um, sob vela<br \/>\n\u2022\u2060 \u00a0\u206012.45 \/ 13.00 \u00e0 sa\u00edda do canal, encontro com o evento YAKA PADDLE em Larmor-Plage &#8211; 400 paddles sa\u00fadam a partida dos &#8220;volta-ao-mundo&#8221; com um globo gigante de 6 m (a confirmar)<br \/>\n\u2022\u2060 \u00a0\u206014.00 &#8211; partida para a regata sob os Courreaux de Groix &#8211; percurso costeiro e marca a passar a bombordo na Ponta do Talud, depois na Ponta de Pen Men a bombordo<\/p>\n<p><strong>e 900 MILHAS antes das Tapas de C\u00e1diz&#8230;<br \/>\nPrevis\u00e3o de chegada a C\u00e1diz: quinta-feira, 4 \/ sexta-feira, 5 de setembro<br \/>\nAbertura hoje, 21 de agosto, da volta ao mundo VIRTUAL REGATTA:<br \/>\nINSCREVAM-SE!<\/strong><strong>\u00a0<\/strong><a href=\"http:\/\/www.virtualregatta.com\"><strong>www.virtualregatta.com<\/strong><\/a><\/p>\n<\/div><\/div><div class=\"w-separator size_small\"><\/div><div class=\"wpb_text_column\"><div class=\"wpb_wrapper\"><\/div><\/div><div class=\"g-cols wpb_row via_grid cols_1 laptops-cols_inherit tablets-cols_inherit mobiles-cols_1 valign_top type_default stacking_default\" style=\"--columns-gap:3rem;\"><div class=\"wpb_column vc_column_container\"><div class=\"vc_column-inner\"><div class=\"wpb_text_column\"><div class=\"wpb_wrapper\"><p><em><strong>Share this article:<\/strong><\/em><\/p>\n<\/div><\/div><div class=\"w-separator size_small\"><\/div><div class=\"w-sharing type_simple align_none color_default\"><div class=\"w-sharing-list\"><a class=\"w-sharing-item facebook\" href=\"https:\/\/www.facebook.com\/sharer\/sharer.php?u=https:\/\/www.globe40.com\/en\/wp-json\/wp\/v2\/posts\/19486&amp;quote=SALIDA+EN+LORIENT+EL+31+DE+AGOSTO+DE+UNA+NUEVA+AVENTURA+EXTRAORDINARIA\" title=\"Share this\" aria-label=\"Share this\" onclick=\"window.open(this.href, &quot;facebook&quot;, &quot;toolbar=0,width=900,height=500&quot;); return false;\"><i class=\"fab fa-facebook\"><\/i><\/a><a class=\"w-sharing-item twitter\" href=\"https:\/\/twitter.com\/intent\/tweet?text=SALIDA+EN+LORIENT+EL+31+DE+AGOSTO+DE+UNA+NUEVA+AVENTURA+EXTRAORDINARIA&amp;url=https:\/\/www.globe40.com\/en\/wp-json\/wp\/v2\/posts\/19486\" title=\"Share this\" aria-label=\"Share this\" onclick=\"window.open(this.href, &quot;twitter&quot;, &quot;toolbar=0,width=650,height=360&quot;); return false;\"><i class=\"fab fa-x-twitter\"><svg style=\"width:1em; margin-bottom:-.1em;\" xmlns=\"http:\/\/www.w3.org\/2000\/svg\" viewBox=\"0 0 512 512\" role=\"presentation\"><path fill=\"currentColor\" d=\"M389.2 48h70.6L305.6 224.2 487 464H345L233.7 318.6 106.5 464H35.8L200.7 275.5 26.8 48H172.4L272.9 180.9 389.2 48zM364.4 421.8h39.1L151.1 88h-42L364.4 421.8z\"\/><\/svg><\/i><\/a><a class=\"w-sharing-item linkedin\" href=\"https:\/\/www.linkedin.com\/shareArticle?mini=true&amp;url=https:\/\/www.globe40.com\/en\/wp-json\/wp\/v2\/posts\/19486\" title=\"Share this\" aria-label=\"Share this\" onclick=\"window.open(this.href, &quot;linkedin&quot;, &quot;toolbar=no,width=550,height=550&quot;); return false;\"><i class=\"fab fa-linkedin\"><\/i><\/a><a class=\"w-sharing-item whatsapp\" href=\"https:\/\/web.whatsapp.com\/send?text=SALIDA+EN+LORIENT+EL+31+DE+AGOSTO+DE+UNA+NUEVA+AVENTURA+EXTRAORDINARIA https:\/\/www.globe40.com\/en\/wp-json\/wp\/v2\/posts\/19486\" title=\"Share this\" aria-label=\"Share this\" onclick=\"window.open(this.href, &quot;whatsapp&quot;, &quot;toolbar=0,width=900,height=500&quot;); return false;\"><i class=\"fab fa-whatsapp\"><\/i><\/a><\/div><\/div><div class=\"w-separator size_small\"><\/div><div class=\"w-btn-wrapper align_none\"><a class=\"w-btn us-btn-style_2\" href=\"https:\/\/www.globe40.com\/en\/news\/\"><span class=\"w-btn-label\">Back to news<\/span><\/a><\/div><\/div><\/div><\/div><\/div><\/div><\/div><\/div><\/section>\n","protected":false},"excerpt":{"rendered":"COMUNICADO DE IMPRENSA PARTIDA EM LORIENT A 31 DE AGOSTO DE UMA NOVA AVENTURA FORA DO COMUM A 19 de mar\u00e7o de 2023 terminava em Lorient, num dia pleno de emo\u00e7\u00e3o, a 1\u00aa edi\u00e7\u00e3o da GLOBE40, uma nova grande aventura planet\u00e1ria proposta aos regatistas de Class40. Apenas dois anos e meio depois, no pr\u00f3ximo domingo,...","protected":false},"author":1,"featured_media":19470,"comment_status":"closed","ping_status":"closed","sticky":false,"template":"","format":"standard","meta":{"_acf_changed":false,"footnotes":""},"categories":[67,69],"tags":[],"class_list":["post-19486","post","type-post","status-publish","format-standard","has-post-thumbnail","hentry","category-news","category-press-release"],"acf":[],"yoast_head":"<!-- This site is optimized with the Yoast SEO plugin v26.4 - https:\/\/yoast.com\/wordpress\/plugins\/seo\/ -->\n<title>SALIDA EN LORIENT EL 31 DE AGOSTO DE UNA NUEVA AVENTURA EXTRAORDINARIA - globe40<\/title>\n<meta name=\"robots\" content=\"index, follow, max-snippet:-1, max-image-preview:large, max-video-preview:-1\" \/>\n<link rel=\"canonical\" href=\"https:\/\/www.globe40.com\/en\/salida-en-lorient-el-31-de-agosto-de-una-nueva-aventura-extraordinaria-2\/\" \/>\n<meta property=\"og:locale\" content=\"en_US\" \/>\n<meta property=\"og:type\" content=\"article\" \/>\n<meta property=\"og:title\" content=\"SALIDA EN LORIENT EL 31 DE AGOSTO DE UNA NUEVA AVENTURA EXTRAORDINARIA - globe40\" \/>\n<meta property=\"og:url\" content=\"https:\/\/www.globe40.com\/en\/salida-en-lorient-el-31-de-agosto-de-una-nueva-aventura-extraordinaria-2\/\" \/>\n<meta property=\"og:site_name\" content=\"globe40\" \/>\n<meta property=\"article:published_time\" content=\"2025-08-22T10:12:55+00:00\" \/>\n<meta property=\"og:image\" content=\"https:\/\/www.globe40.com\/wp-content\/uploads\/2025\/08\/Affiche_Globe40_Lorient-scaled.jpg\" \/>\n\t<meta property=\"og:image:width\" content=\"1706\" \/>\n\t<meta property=\"og:image:height\" content=\"2560\" \/>\n\t<meta property=\"og:image:type\" content=\"image\/jpeg\" \/>\n<meta name=\"author\" content=\"labernik\" \/>\n<meta name=\"twitter:card\" content=\"summary_large_image\" \/>\n<meta name=\"twitter:image\" content=\"https:\/\/www.globe40.com\/wp-content\/uploads\/2023\/12\/Thibaut.Lefevere.jpg\" \/>\n<meta name=\"twitter:label1\" content=\"Written by\" \/>\n\t<meta name=\"twitter:data1\" content=\"labernik\" \/>\n\t<meta name=\"twitter:label2\" content=\"Est. reading time\" \/>\n\t<meta name=\"twitter:data2\" content=\"13 minutes\" \/>\n<script type=\"application\/ld+json\" class=\"yoast-schema-graph\">{\"@context\":\"https:\/\/schema.org\",\"@graph\":[{\"@type\":\"WebPage\",\"@id\":\"https:\/\/www.globe40.com\/en\/salida-en-lorient-el-31-de-agosto-de-una-nueva-aventura-extraordinaria-2\/\",\"url\":\"https:\/\/www.globe40.com\/en\/salida-en-lorient-el-31-de-agosto-de-una-nueva-aventura-extraordinaria-2\/\",\"name\":\"SALIDA EN LORIENT EL 31 DE AGOSTO DE UNA NUEVA AVENTURA EXTRAORDINARIA - globe40\",\"isPartOf\":{\"@id\":\"https:\/\/www.globe40.com\/en\/#website\"},\"primaryImageOfPage\":{\"@id\":\"https:\/\/www.globe40.com\/en\/salida-en-lorient-el-31-de-agosto-de-una-nueva-aventura-extraordinaria-2\/#primaryimage\"},\"image\":{\"@id\":\"https:\/\/www.globe40.com\/en\/salida-en-lorient-el-31-de-agosto-de-una-nueva-aventura-extraordinaria-2\/#primaryimage\"},\"thumbnailUrl\":\"https:\/\/www.globe40.com\/wp-content\/uploads\/2025\/08\/Affiche_Globe40_Lorient-scaled.jpg\",\"datePublished\":\"2025-08-22T10:12:55+00:00\",\"author\":{\"@id\":\"https:\/\/www.globe40.com\/en\/#\/schema\/person\/21b6bce839267c902eb25fb7ca407ae0\"},\"breadcrumb\":{\"@id\":\"https:\/\/www.globe40.com\/en\/salida-en-lorient-el-31-de-agosto-de-una-nueva-aventura-extraordinaria-2\/#breadcrumb\"},\"inLanguage\":\"en-US\",\"potentialAction\":[{\"@type\":\"ReadAction\",\"target\":[\"https:\/\/www.globe40.com\/en\/salida-en-lorient-el-31-de-agosto-de-una-nueva-aventura-extraordinaria-2\/\"]}]},{\"@type\":\"ImageObject\",\"inLanguage\":\"en-US\",\"@id\":\"https:\/\/www.globe40.com\/en\/salida-en-lorient-el-31-de-agosto-de-una-nueva-aventura-extraordinaria-2\/#primaryimage\",\"url\":\"https:\/\/www.globe40.com\/wp-content\/uploads\/2025\/08\/Affiche_Globe40_Lorient-scaled.jpg\",\"contentUrl\":\"https:\/\/www.globe40.com\/wp-content\/uploads\/2025\/08\/Affiche_Globe40_Lorient-scaled.jpg\",\"width\":1706,\"height\":2560},{\"@type\":\"BreadcrumbList\",\"@id\":\"https:\/\/www.globe40.com\/en\/salida-en-lorient-el-31-de-agosto-de-una-nueva-aventura-extraordinaria-2\/#breadcrumb\",\"itemListElement\":[{\"@type\":\"ListItem\",\"position\":1,\"name\":\"Accueil\",\"item\":\"https:\/\/www.globe40.com\/en\/home\/\"},{\"@type\":\"ListItem\",\"position\":2,\"name\":\"SALIDA EN LORIENT EL 31 DE AGOSTO DE UNA NUEVA AVENTURA EXTRAORDINARIA\"}]},{\"@type\":\"WebSite\",\"@id\":\"https:\/\/www.globe40.com\/en\/#website\",\"url\":\"https:\/\/www.globe40.com\/en\/\",\"name\":\"globe40\",\"description\":\"Tour du monde en CLASS40\",\"potentialAction\":[{\"@type\":\"SearchAction\",\"target\":{\"@type\":\"EntryPoint\",\"urlTemplate\":\"https:\/\/www.globe40.com\/en\/?s={search_term_string}\"},\"query-input\":{\"@type\":\"PropertyValueSpecification\",\"valueRequired\":true,\"valueName\":\"search_term_string\"}}],\"inLanguage\":\"en-US\"},{\"@type\":\"Person\",\"@id\":\"https:\/\/www.globe40.com\/en\/#\/schema\/person\/21b6bce839267c902eb25fb7ca407ae0\",\"name\":\"labernik\",\"sameAs\":[\"https:\/\/globe40.com\"],\"url\":\"https:\/\/www.globe40.com\/en\/author\/labernik\/\"}]}<\/script>\n<!-- \/ Yoast SEO plugin. -->","yoast_head_json":{"title":"SALIDA EN LORIENT EL 31 DE AGOSTO DE UNA NUEVA AVENTURA EXTRAORDINARIA - globe40","robots":{"index":"index","follow":"follow","max-snippet":"max-snippet:-1","max-image-preview":"max-image-preview:large","max-video-preview":"max-video-preview:-1"},"canonical":"https:\/\/www.globe40.com\/en\/salida-en-lorient-el-31-de-agosto-de-una-nueva-aventura-extraordinaria-2\/","og_locale":"en_US","og_type":"article","og_title":"SALIDA EN LORIENT EL 31 DE AGOSTO DE UNA NUEVA AVENTURA EXTRAORDINARIA - globe40","og_url":"https:\/\/www.globe40.com\/en\/salida-en-lorient-el-31-de-agosto-de-una-nueva-aventura-extraordinaria-2\/","og_site_name":"globe40","article_published_time":"2025-08-22T10:12:55+00:00","og_image":[{"width":1706,"height":2560,"url":"https:\/\/www.globe40.com\/wp-content\/uploads\/2025\/08\/Affiche_Globe40_Lorient-scaled.jpg","type":"image\/jpeg"}],"author":"labernik","twitter_card":"summary_large_image","twitter_image":"https:\/\/www.globe40.com\/wp-content\/uploads\/2023\/12\/Thibaut.Lefevere.jpg","twitter_misc":{"Written by":"labernik","Est. reading time":"13 minutes"},"schema":{"@context":"https:\/\/schema.org","@graph":[{"@type":"WebPage","@id":"https:\/\/www.globe40.com\/en\/salida-en-lorient-el-31-de-agosto-de-una-nueva-aventura-extraordinaria-2\/","url":"https:\/\/www.globe40.com\/en\/salida-en-lorient-el-31-de-agosto-de-una-nueva-aventura-extraordinaria-2\/","name":"SALIDA EN LORIENT EL 31 DE AGOSTO DE UNA NUEVA AVENTURA EXTRAORDINARIA - globe40","isPartOf":{"@id":"https:\/\/www.globe40.com\/en\/#website"},"primaryImageOfPage":{"@id":"https:\/\/www.globe40.com\/en\/salida-en-lorient-el-31-de-agosto-de-una-nueva-aventura-extraordinaria-2\/#primaryimage"},"image":{"@id":"https:\/\/www.globe40.com\/en\/salida-en-lorient-el-31-de-agosto-de-una-nueva-aventura-extraordinaria-2\/#primaryimage"},"thumbnailUrl":"https:\/\/www.globe40.com\/wp-content\/uploads\/2025\/08\/Affiche_Globe40_Lorient-scaled.jpg","datePublished":"2025-08-22T10:12:55+00:00","author":{"@id":"https:\/\/www.globe40.com\/en\/#\/schema\/person\/21b6bce839267c902eb25fb7ca407ae0"},"breadcrumb":{"@id":"https:\/\/www.globe40.com\/en\/salida-en-lorient-el-31-de-agosto-de-una-nueva-aventura-extraordinaria-2\/#breadcrumb"},"inLanguage":"en-US","potentialAction":[{"@type":"ReadAction","target":["https:\/\/www.globe40.com\/en\/salida-en-lorient-el-31-de-agosto-de-una-nueva-aventura-extraordinaria-2\/"]}]},{"@type":"ImageObject","inLanguage":"en-US","@id":"https:\/\/www.globe40.com\/en\/salida-en-lorient-el-31-de-agosto-de-una-nueva-aventura-extraordinaria-2\/#primaryimage","url":"https:\/\/www.globe40.com\/wp-content\/uploads\/2025\/08\/Affiche_Globe40_Lorient-scaled.jpg","contentUrl":"https:\/\/www.globe40.com\/wp-content\/uploads\/2025\/08\/Affiche_Globe40_Lorient-scaled.jpg","width":1706,"height":2560},{"@type":"BreadcrumbList","@id":"https:\/\/www.globe40.com\/en\/salida-en-lorient-el-31-de-agosto-de-una-nueva-aventura-extraordinaria-2\/#breadcrumb","itemListElement":[{"@type":"ListItem","position":1,"name":"Accueil","item":"https:\/\/www.globe40.com\/en\/home\/"},{"@type":"ListItem","position":2,"name":"SALIDA EN LORIENT EL 31 DE AGOSTO DE UNA NUEVA AVENTURA EXTRAORDINARIA"}]},{"@type":"WebSite","@id":"https:\/\/www.globe40.com\/en\/#website","url":"https:\/\/www.globe40.com\/en\/","name":"globe40","description":"Tour du monde en CLASS40","potentialAction":[{"@type":"SearchAction","target":{"@type":"EntryPoint","urlTemplate":"https:\/\/www.globe40.com\/en\/?s={search_term_string}"},"query-input":{"@type":"PropertyValueSpecification","valueRequired":true,"valueName":"search_term_string"}}],"inLanguage":"en-US"},{"@type":"Person","@id":"https:\/\/www.globe40.com\/en\/#\/schema\/person\/21b6bce839267c902eb25fb7ca407ae0","name":"labernik","sameAs":["https:\/\/globe40.com"],"url":"https:\/\/www.globe40.com\/en\/author\/labernik\/"}]}},"_links":{"self":[{"href":"https:\/\/www.globe40.com\/en\/wp-json\/wp\/v2\/posts\/19486","targetHints":{"allow":["GET"]}}],"collection":[{"href":"https:\/\/www.globe40.com\/en\/wp-json\/wp\/v2\/posts"}],"about":[{"href":"https:\/\/www.globe40.com\/en\/wp-json\/wp\/v2\/types\/post"}],"author":[{"embeddable":true,"href":"https:\/\/www.globe40.com\/en\/wp-json\/wp\/v2\/users\/1"}],"replies":[{"embeddable":true,"href":"https:\/\/www.globe40.com\/en\/wp-json\/wp\/v2\/comments?post=19486"}],"version-history":[{"count":1,"href":"https:\/\/www.globe40.com\/en\/wp-json\/wp\/v2\/posts\/19486\/revisions"}],"predecessor-version":[{"id":19491,"href":"https:\/\/www.globe40.com\/en\/wp-json\/wp\/v2\/posts\/19486\/revisions\/19491"}],"wp:featuredmedia":[{"embeddable":true,"href":"https:\/\/www.globe40.com\/en\/wp-json\/wp\/v2\/media\/19470"}],"wp:attachment":[{"href":"https:\/\/www.globe40.com\/en\/wp-json\/wp\/v2\/media?parent=19486"}],"wp:term":[{"taxonomy":"category","embeddable":true,"href":"https:\/\/www.globe40.com\/en\/wp-json\/wp\/v2\/categories?post=19486"},{"taxonomy":"post_tag","embeddable":true,"href":"https:\/\/www.globe40.com\/en\/wp-json\/wp\/v2\/tags?post=19486"}],"curies":[{"name":"wp","href":"https:\/\/api.w.org\/{rel}","templated":true}]}}